{"id":3295,"date":"2023-09-07T12:25:53","date_gmt":"2023-09-07T10:25:53","guid":{"rendered":"https:\/\/blogsaverroes.juntadeandalucia.es\/ceipvistaalegre\/?p=3295"},"modified":"2023-09-07T12:26:28","modified_gmt":"2023-09-07T10:26:28","slug":"reuniones-de-bienvenida-del-curso","status":"publish","type":"post","link":"https:\/\/blogsaverroes.juntadeandalucia.es\/ceipvistaalegre\/reuniones-de-bienvenida-del-curso\/","title":{"rendered":"Reuniones de bienvenida del curso"},"content":{"rendered":"<p><img loading=\"lazy\" decoding=\"async\" class=\"size-medium wp-image-3297 aligncenter\" src=\"https:\/\/blogsaverroes.juntadeandalucia.es\/ceipvistaalegre\/files\/2023\/09\/vuelta-al-cole-1-300x169.jpg\" alt=\"\" width=\"300\" height=\"169\" srcset=\"https:\/\/blogsaverroes.juntadeandalucia.es\/ceipvistaalegre\/files\/2023\/09\/vuelta-al-cole-1-300x169.jpg 300w, https:\/\/blogsaverroes.juntadeandalucia.es\/ceipvistaalegre\/files\/2023\/09\/vuelta-al-cole-1.jpg 620w\" sizes=\"(max-width: 300px) 100vw, 300px\" \/><\/p>\n<p style=\"text-align: left\"><span style=\"font-size: 10.5pt;font-family: 'Verdana',sans-serif;color: black\">Estimadas familias, <\/span><span style=\"font-size: 10.5pt;font-family: 'Verdana',sans-serif;color: black\">os convocamos para una pr\u00f3xima reuni\u00f3n de tutor\u00eda informativa y de elecci\u00f3n de delegados\/as de familias para el curso 2023-2024, que se celebrar\u00e1 el lunes 11 de septiembre, presencialmente en el centro, a trav\u00e9s del siguiente horario: <\/span><\/p>\n<table class=\" aligncenter\" style=\"border-collapse: collapse;width: 52.3468%;height: 115px\">\n<tbody>\n<tr style=\"height: 23px\">\n<td style=\"width: 14.7226%;height: 23px;text-align: center\"><strong><span style=\"font-size: 10.5pt;font-family: 'Verdana',sans-serif;color: black\">HORARIO<\/span><\/strong><\/td>\n<td style=\"width: 37.6245%;height: 23px;text-align: center\"><strong>CURSOS<\/strong><\/td>\n<\/tr>\n<tr style=\"height: 23px\">\n<td style=\"width: 14.7226%;height: 23px;text-align: center\"><span style=\"font-size: 10.5pt;font-family: 'Verdana',sans-serif;color: black\">16:00h <\/span><\/td>\n<td style=\"width: 37.6245%;height: 23px;text-align: center\">Ed. Infantil 4 y 5 a\u00f1os<\/td>\n<\/tr>\n<tr style=\"height: 23px\">\n<td style=\"width: 14.7226%;height: 23px;text-align: center\"><span style=\"font-size: 10.5pt;font-family: 'Verdana',sans-serif;color: black\">16:30h <\/span><\/td>\n<td style=\"width: 37.6245%;height: 23px;text-align: center\">1\u00ba, 2\u00baA y 2\u00baB<\/td>\n<\/tr>\n<tr style=\"height: 23px\">\n<td style=\"width: 14.7226%;height: 23px;text-align: center\"><span style=\"font-size: 10.5pt;font-family: 'Verdana',sans-serif;color: black\">17:00h<\/span><\/td>\n<td style=\"width: 37.6245%;height: 23px;text-align: center\">3\u00ba y 4\u00ba<\/td>\n<\/tr>\n<tr style=\"height: 23px\">\n<td style=\"width: 14.7226%;height: 23px;text-align: center\"><span style=\"font-size: 10.5pt;font-family: 'Verdana',sans-serif;color: black\">17:30h<\/span><\/td>\n<td style=\"width: 37.6245%;height: 23px;text-align: center\">5\u00ba y 6\u00ba<\/td>\n<\/tr>\n<\/tbody>\n<\/table>\n<p style=\"text-align: center\">&nbsp;<\/p>\n","protected":false},"excerpt":{"rendered":"<p>Estimadas familias, os convocamos para una pr\u00f3xima reuni\u00f3n de tutor\u00eda informativa y de elecci\u00f3n de delegados\/as de familias para el curso 2023-2024, que se celebrar\u00e1&hellip;<\/p>\n","protected":false},"author":3443,"featured_media":3297,"comment_status":"open","ping_status":"open","sticky":false,"template":"","format":"standard","meta":{"ngg_post_thumbnail":0,"footnotes":""},"categories":[307390,526],"tags":[],"aioseo_notices":[],"_links":{"self":[{"href":"https:\/\/blogsaverroes.juntadeandalucia.es\/ceipvistaalegre\/wp-json\/wp\/v2\/posts\/3295"}],"collection":[{"href":"https:\/\/blogsaverroes.juntadeandalucia.es\/ceipvistaalegre\/wp-json\/wp\/v2\/posts"}],"about":[{"href":"https:\/\/blogsaverroes.juntadeandalucia.es\/ceipvistaalegre\/wp-json\/wp\/v2\/types\/post"}],"author":[{"embeddable":true,"href":"https:\/\/blogsaverroes.juntadeandalucia.es\/ceipvistaalegre\/wp-json\/wp\/v2\/users\/3443"}],"replies":[{"embeddable":true,"href":"https:\/\/blogsaverroes.juntadeandalucia.es\/ceipvistaalegre\/wp-json\/wp\/v2\/comments?post=3295"}],"version-history":[{"count":2,"href":"https:\/\/blogsaverroes.juntadeandalucia.es\/ceipvistaalegre\/wp-json\/wp\/v2\/posts\/3295\/revisions"}],"predecessor-version":[{"id":3299,"href":"https:\/\/blogsaverroes.juntadeandalucia.es\/ceipvistaalegre\/wp-json\/wp\/v2\/posts\/3295\/revisions\/3299"}],"wp:featuredmedia":[{"embeddable":true,"href":"https:\/\/blogsaverroes.juntadeandalucia.es\/ceipvistaalegre\/wp-json\/wp\/v2\/media\/3297"}],"wp:attachment":[{"href":"https:\/\/blogsaverroes.juntadeandalucia.es\/ceipvistaalegre\/wp-json\/wp\/v2\/media?parent=3295"}],"wp:term":[{"taxonomy":"category","embeddable":true,"href":"https:\/\/blogsaverroes.juntadeandalucia.es\/ceipvistaalegre\/wp-json\/wp\/v2\/categories?post=3295"},{"taxonomy":"post_tag","embeddable":true,"href":"https:\/\/blogsaverroes.juntadeandalucia.es\/ceipvistaalegre\/wp-json\/wp\/v2\/tags?post=3295"}],"curies":[{"name":"wp","href":"https:\/\/api.w.org\/{rel}","templated":true}]}}