{"id":3459,"date":"2024-10-10T13:58:25","date_gmt":"2024-10-10T11:58:25","guid":{"rendered":"https:\/\/blogsaverroes.juntadeandalucia.es\/ceipvistaalegre\/?p=3459"},"modified":"2024-10-10T13:59:57","modified_gmt":"2024-10-10T11:59:57","slug":"calendario-escolar-municipal-2024-2025","status":"publish","type":"post","link":"https:\/\/blogsaverroes.juntadeandalucia.es\/ceipvistaalegre\/calendario-escolar-municipal-2024-2025\/","title":{"rendered":"Calendario escolar municipal 2024-2025"},"content":{"rendered":"<p>Desde la Delegaci\u00f3n de Educaci\u00f3n, y tras acuerdo del Consejo Escolar municipal, os trasladamos el Calendario Escolar municipal del curso 2024-2025. En ella figuran los d\u00edas No LECTIVOS en la localidad, as\u00ed como los que corresponden a la Delegaci\u00f3n Territorial en C\u00e1diz, las cuales tambi\u00e9n se adjuntan en el mismo documento. Os recomendamos que anoten bien esos d\u00edas festivos o no lectivos que aparecen en el calendario, en los que los centros educativos estar\u00e1n cerrados.&nbsp;<\/p>\n<p><a href=\"https:\/\/drive.google.com\/file\/d\/1OJ5n0mFFTUbBtxI3zov-Mof6PBGYBigx\/view?usp=drive_link\" target=\"_blank\" rel=\"noopener\"><img loading=\"lazy\" decoding=\"async\" class=\"aligncenter wp-image-2667\" src=\"https:\/\/blogsaverroes.juntadeandalucia.es\/ceipvistaalegre\/files\/2021\/02\/downloadpdf.png\" alt=\"\" width=\"108\" height=\"108\" srcset=\"https:\/\/blogsaverroes.juntadeandalucia.es\/ceipvistaalegre\/files\/2021\/02\/downloadpdf.png 225w, https:\/\/blogsaverroes.juntadeandalucia.es\/ceipvistaalegre\/files\/2021\/02\/downloadpdf-150x150.png 150w\" sizes=\"(max-width: 108px) 100vw, 108px\" \/><\/a><\/p>\n<p style=\"text-align: center\"><a href=\"https:\/\/drive.google.com\/file\/d\/1OJ5n0mFFTUbBtxI3zov-Mof6PBGYBigx\/view?usp=drive_link\">Calendario escolar municipal 2024\/2025<\/a><\/p>\n","protected":false},"excerpt":{"rendered":"<p>Desde la Delegaci\u00f3n de Educaci\u00f3n, y tras acuerdo del Consejo Escolar municipal, os trasladamos el Calendario Escolar municipal del curso 2024-2025. En ella figuran los&hellip;<\/p>\n","protected":false},"author":3443,"featured_media":3460,"comment_status":"open","ping_status":"open","sticky":false,"template":"","format":"standard","meta":{"ngg_post_thumbnail":0,"footnotes":""},"categories":[307390,526,2351652],"tags":[],"aioseo_notices":[],"_links":{"self":[{"href":"https:\/\/blogsaverroes.juntadeandalucia.es\/ceipvistaalegre\/wp-json\/wp\/v2\/posts\/3459"}],"collection":[{"href":"https:\/\/blogsaverroes.juntadeandalucia.es\/ceipvistaalegre\/wp-json\/wp\/v2\/posts"}],"about":[{"href":"https:\/\/blogsaverroes.juntadeandalucia.es\/ceipvistaalegre\/wp-json\/wp\/v2\/types\/post"}],"author":[{"embeddable":true,"href":"https:\/\/blogsaverroes.juntadeandalucia.es\/ceipvistaalegre\/wp-json\/wp\/v2\/users\/3443"}],"replies":[{"embeddable":true,"href":"https:\/\/blogsaverroes.juntadeandalucia.es\/ceipvistaalegre\/wp-json\/wp\/v2\/comments?post=3459"}],"version-history":[{"count":2,"href":"https:\/\/blogsaverroes.juntadeandalucia.es\/ceipvistaalegre\/wp-json\/wp\/v2\/posts\/3459\/revisions"}],"predecessor-version":[{"id":3462,"href":"https:\/\/blogsaverroes.juntadeandalucia.es\/ceipvistaalegre\/wp-json\/wp\/v2\/posts\/3459\/revisions\/3462"}],"wp:featuredmedia":[{"embeddable":true,"href":"https:\/\/blogsaverroes.juntadeandalucia.es\/ceipvistaalegre\/wp-json\/wp\/v2\/media\/3460"}],"wp:attachment":[{"href":"https:\/\/blogsaverroes.juntadeandalucia.es\/ceipvistaalegre\/wp-json\/wp\/v2\/media?parent=3459"}],"wp:term":[{"taxonomy":"category","embeddable":true,"href":"https:\/\/blogsaverroes.juntadeandalucia.es\/ceipvistaalegre\/wp-json\/wp\/v2\/categories?post=3459"},{"taxonomy":"post_tag","embeddable":true,"href":"https:\/\/blogsaverroes.juntadeandalucia.es\/ceipvistaalegre\/wp-json\/wp\/v2\/tags?post=3459"}],"curies":[{"name":"wp","href":"https:\/\/api.w.org\/{rel}","templated":true}]}}