{"id":3860,"date":"2025-10-06T13:40:04","date_gmt":"2025-10-06T11:40:04","guid":{"rendered":"https:\/\/blogsaverroes.juntadeandalucia.es\/ceipvistaalegre\/?p=3860"},"modified":"2025-10-06T13:40:04","modified_gmt":"2025-10-06T11:40:04","slug":"programa-zts-zona-de-transformacion-social","status":"publish","type":"post","link":"https:\/\/blogsaverroes.juntadeandalucia.es\/ceipvistaalegre\/programa-zts-zona-de-transformacion-social\/","title":{"rendered":"Programa ZTS &#8211; Zona de Transformaci\u00f3n Social"},"content":{"rendered":"<p><img loading=\"lazy\" decoding=\"async\" class=\"alignnone  wp-image-3861\" src=\"https:\/\/blogsaverroes.juntadeandalucia.es\/ceipvistaalegre\/files\/2025\/10\/Logos-ZTS-300x19.png\" alt=\"\" width=\"426\" height=\"27\" srcset=\"https:\/\/blogsaverroes.juntadeandalucia.es\/ceipvistaalegre\/files\/2025\/10\/Logos-ZTS-300x19.png 300w, https:\/\/blogsaverroes.juntadeandalucia.es\/ceipvistaalegre\/files\/2025\/10\/Logos-ZTS-1024x65.png 1024w, https:\/\/blogsaverroes.juntadeandalucia.es\/ceipvistaalegre\/files\/2025\/10\/Logos-ZTS-768x49.png 768w, https:\/\/blogsaverroes.juntadeandalucia.es\/ceipvistaalegre\/files\/2025\/10\/Logos-ZTS-1536x97.png 1536w, https:\/\/blogsaverroes.juntadeandalucia.es\/ceipvistaalegre\/files\/2025\/10\/Logos-ZTS.png 1600w\" sizes=\"(max-width: 426px) 100vw, 426px\" \/><\/p>\n<p>Tras las solicitud realizada por el centro el pasado curso, este a\u00f1o el centro ha sido inclu\u00eddo en el programa ZTS de la Junta de Andaluc\u00eda, Gobierno de Espa\u00f1a, y Fondos Europeos de la UE, que nos ha reportado dos fant\u00e1sticos recursos personales extra para poder seguir luchando por reducir las brechas socio-econ\u00f3micas y velar por la mejor atenci\u00f3n a la diversidad de nuestro alumnado, en equidad e igualdad.&nbsp;<\/p>\n<p>Este curso, a trav\u00e9s de este programa, tendremos:<\/p>\n<ol>\n<li>Una profesora de Primaria m\u00e1s a tiempo completo, para reforzar las labores de atenci\u00f3n de diferentes grupos del centro, entre otras funciones.<\/li>\n<li>Una Orientadora a tiempo completo para el centro, reforzando las labores espec\u00edficas de coordinaci\u00f3n y atenci\u00f3n a la diversidad de nuestro alumnado, entre otras funciones<\/li>\n<\/ol>\n<p>El centro muestra su satisfacci\u00f3n por esta dotaci\u00f3n, fruto de una solicitud de recursos que se ven\u00eda realizando desde cursos pasados, y su total inter\u00e9s por obtener el m\u00e1ximo aprovechamiento para nuestro alumnado.&nbsp;<\/p>\n","protected":false},"excerpt":{"rendered":"<p>Tras las solicitud realizada por el centro el pasado curso, este a\u00f1o el centro ha sido inclu\u00eddo en el programa ZTS de la Junta de&hellip;<\/p>\n","protected":false},"author":3443,"featured_media":0,"comment_status":"open","ping_status":"open","sticky":false,"template":"","format":"standard","meta":{"ngg_post_thumbnail":0,"footnotes":""},"categories":[11909],"tags":[],"aioseo_notices":[],"_links":{"self":[{"href":"https:\/\/blogsaverroes.juntadeandalucia.es\/ceipvistaalegre\/wp-json\/wp\/v2\/posts\/3860"}],"collection":[{"href":"https:\/\/blogsaverroes.juntadeandalucia.es\/ceipvistaalegre\/wp-json\/wp\/v2\/posts"}],"about":[{"href":"https:\/\/blogsaverroes.juntadeandalucia.es\/ceipvistaalegre\/wp-json\/wp\/v2\/types\/post"}],"author":[{"embeddable":true,"href":"https:\/\/blogsaverroes.juntadeandalucia.es\/ceipvistaalegre\/wp-json\/wp\/v2\/users\/3443"}],"replies":[{"embeddable":true,"href":"https:\/\/blogsaverroes.juntadeandalucia.es\/ceipvistaalegre\/wp-json\/wp\/v2\/comments?post=3860"}],"version-history":[{"count":1,"href":"https:\/\/blogsaverroes.juntadeandalucia.es\/ceipvistaalegre\/wp-json\/wp\/v2\/posts\/3860\/revisions"}],"predecessor-version":[{"id":3862,"href":"https:\/\/blogsaverroes.juntadeandalucia.es\/ceipvistaalegre\/wp-json\/wp\/v2\/posts\/3860\/revisions\/3862"}],"wp:attachment":[{"href":"https:\/\/blogsaverroes.juntadeandalucia.es\/ceipvistaalegre\/wp-json\/wp\/v2\/media?parent=3860"}],"wp:term":[{"taxonomy":"category","embeddable":true,"href":"https:\/\/blogsaverroes.juntadeandalucia.es\/ceipvistaalegre\/wp-json\/wp\/v2\/categories?post=3860"},{"taxonomy":"post_tag","embeddable":true,"href":"https:\/\/blogsaverroes.juntadeandalucia.es\/ceipvistaalegre\/wp-json\/wp\/v2\/tags?post=3860"}],"curies":[{"name":"wp","href":"https:\/\/api.w.org\/{rel}","templated":true}]}}