{"id":2513,"date":"2020-12-21T16:16:14","date_gmt":"2020-12-21T16:16:14","guid":{"rendered":"https:\/\/blogsaverroes.juntadeandalucia.es\/ceipvr\/?p=2513"},"modified":"2020-12-21T16:16:14","modified_gmt":"2020-12-21T16:16:14","slug":"fiesta-de-navidad-online","status":"publish","type":"post","link":"https:\/\/blogsaverroes.juntadeandalucia.es\/ceipvr\/fiesta-de-navidad-online\/","title":{"rendered":"FIESTA DE NAVIDAD &#8220;ONLINE&#8221;"},"content":{"rendered":"<p>Este a\u00f1o at\u00edpico, no hemos querido quedarnos sin la fiesta de Navidad, por eso todas las clases en coordinaci\u00f3n con la maestra Mariam y el resto del claustro han realizado esta &#8220;fiesta virtual&#8221;. Esperomos que los disfrut\u00e9is tanto como nosotros el haberlo preparado y grabado.<\/p>\n<p>Un saludo<iframe src=\"\/\/www.youtube.com\/embed\/YeO4NUqYck0\" width=\"560\" height=\"315\" frameborder=\"0\"><\/iframe><\/p>\n","protected":false},"excerpt":{"rendered":"<p>Este a\u00f1o at\u00edpico, no hemos querido quedarnos sin la fiesta de Navidad, por eso todas las clases en coordinaci\u00f3n con la maestra Mariam y el resto del claustro han realizado esta &#8220;fiesta virtual&#8221;. Esperomos que los disfrut\u00e9is tanto como nosotros el haberlo preparado y grabado.&#46;&#46;&#46;<\/p>\n","protected":false},"author":10667,"featured_media":0,"comment_status":"open","ping_status":"open","sticky":false,"template":"","format":"standard","meta":{"ngg_post_thumbnail":0,"footnotes":""},"categories":[11909],"tags":[],"aioseo_notices":[],"_links":{"self":[{"href":"https:\/\/blogsaverroes.juntadeandalucia.es\/ceipvr\/wp-json\/wp\/v2\/posts\/2513"}],"collection":[{"href":"https:\/\/blogsaverroes.juntadeandalucia.es\/ceipvr\/wp-json\/wp\/v2\/posts"}],"about":[{"href":"https:\/\/blogsaverroes.juntadeandalucia.es\/ceipvr\/wp-json\/wp\/v2\/types\/post"}],"author":[{"embeddable":true,"href":"https:\/\/blogsaverroes.juntadeandalucia.es\/ceipvr\/wp-json\/wp\/v2\/users\/10667"}],"replies":[{"embeddable":true,"href":"https:\/\/blogsaverroes.juntadeandalucia.es\/ceipvr\/wp-json\/wp\/v2\/comments?post=2513"}],"version-history":[{"count":1,"href":"https:\/\/blogsaverroes.juntadeandalucia.es\/ceipvr\/wp-json\/wp\/v2\/posts\/2513\/revisions"}],"predecessor-version":[{"id":2514,"href":"https:\/\/blogsaverroes.juntadeandalucia.es\/ceipvr\/wp-json\/wp\/v2\/posts\/2513\/revisions\/2514"}],"wp:attachment":[{"href":"https:\/\/blogsaverroes.juntadeandalucia.es\/ceipvr\/wp-json\/wp\/v2\/media?parent=2513"}],"wp:term":[{"taxonomy":"category","embeddable":true,"href":"https:\/\/blogsaverroes.juntadeandalucia.es\/ceipvr\/wp-json\/wp\/v2\/categories?post=2513"},{"taxonomy":"post_tag","embeddable":true,"href":"https:\/\/blogsaverroes.juntadeandalucia.es\/ceipvr\/wp-json\/wp\/v2\/tags?post=2513"}],"curies":[{"name":"wp","href":"https:\/\/api.w.org\/{rel}","templated":true}]}}