{"id":3596,"date":"2022-03-08T11:24:22","date_gmt":"2022-03-08T11:24:22","guid":{"rendered":"https:\/\/blogsaverroes.juntadeandalucia.es\/ceipvr\/?p=3596"},"modified":"2022-03-08T17:10:10","modified_gmt":"2022-03-08T17:10:10","slug":"8-de-marzo-dia-de-la-mujer","status":"publish","type":"post","link":"https:\/\/blogsaverroes.juntadeandalucia.es\/ceipvr\/8-de-marzo-dia-de-la-mujer\/","title":{"rendered":"8 DE MARZO, D\u00cdA DE LA MUJER"},"content":{"rendered":"<p>&nbsp;<\/p>\n<p style=\"text-align: justify\">El 8 de marzo, D\u00eda Internacional de las Mujeres, se ha convertido en una fecha muy se\u00f1alada para reflexionar sobre el largo camino que las mujeres han tenido que recorrer para ver reconocidos sus derechos y visibilizar su contribuci\u00f3n en todas las facetas de la vida, de la cultura, del arte, de la ciencia&#8230;.<\/p>\n<p style=\"text-align: justify\">Se han alcanzado grandes logros en el camino hacia la igualdad, pero es necesario continuar avanzando. Por este motivo, en la conmemoraci\u00f3n del 8 de Marzo, el CEIP Virgen del Rosario, viene realizando cada a\u00f1o a trav\u00e9s del <em>plan de Igualdad entre hombres y mujeres<\/em> y el de <em>convivencia<\/em> distintas propuestas de actividades para realizar con nuestro alumnado. Adem\u00e1s de colaborar con otras asociaciones, ONGs y el Ayuntamiento para realizar actuaciones que&nbsp; sirvan para lograr la igualdad efectiva entre mujeres y hombres.<\/p>\n<p style=\"text-align: justify\">Este a\u00f1o se van a realizar una bater\u00eda de actividades, enfocadas a la metodolog\u00eda de&nbsp; <em>Gamificaci\u00f3n<\/em> y trabajo cooperativo :<\/p>\n<p style=\"text-align: justify\">&#8211; <span style=\"text-decoration: underline\"><strong>Visionado de un v\u00eddeo <\/strong><\/span>en que se ve c\u00f3mo las mujeres se levantan unidas para ayudar al mundo a superar la pandemia y trabajar unid@s por un mundo mejor.<\/p>\n<p style=\"text-align: justify\"><a href=\"https:\/\/videos.un.org\/es\/2020\/06\/18\/las-mujeres-se-alzan-en-solidaridad\/\">https:\/\/videos.un.org\/es\/2020\/06\/18\/las-mujeres-se-alzan-en-solidaridad\/<\/a><\/p>\n<p style=\"text-align: justify\">&#8211; <span style=\"text-decoration: underline\"><strong>Pasapalabra <\/strong><\/span>sobre profesiones que realizan tanto hombres como mujeres, realizando grupos cooperativos, y con dos opciones seg\u00fan el nivel de nuestro alumnado, siendo ayudados por im\u00e1genes o sin ellas.<\/p>\n<p style=\"text-align: justify\">&#8211; <span style=\"text-decoration: underline\"><strong>Kahoot <\/strong><\/span>para la sensibilizaci\u00f3n de nuestro alumnado entre las dificultades que tenemos tanto hombres como mujeres a consecuencia del machismo.&nbsp;<\/p>\n<p>&nbsp;<\/p>\n<p style=\"text-align: justify\">&#8211; <span style=\"text-decoration: underline\"><strong>Video para realizar un debate <\/strong><\/span>en las aulas sobre los <b>micromachismos<\/b> que la sociedad tiene asumidos como normales y que&nbsp; no lo son:&nbsp;<\/p>\n<p style=\"text-align: justify\"><a href=\"https:\/\/www.youtube.com\/watch?time_continue=1&amp;v=Co_z_GbjbHY\">https:\/\/www.youtube.com\/watch?time_continue=1&amp;v=Co_z_GbjbHY<\/a><\/p>\n<p>&nbsp;<\/p>\n<p style=\"text-align: justify\">&#8211;<span style=\"text-decoration: underline\"><strong>Fichas <\/strong><\/span>alusivas a esta conmemoraci\u00f3n.<\/p>\n<p>&nbsp;<\/p>\nngg_shortcode_0_placeholder\n<p style=\"text-align: justify\">&#8211; Adem\u00e1s, Lali, la coordinadora de Igualdad del Ayuntamiento de Roquetas de Mar nos ofert\u00f3, y se van a realizar, unos talleres de empoderamiento y un cuenta cuentos a lo largo del mes de marzo<\/p>\n<p>&nbsp;<\/p>\n<p>Estas actividades se apoyan en el programa <em>Impulsa<\/em>, subvencionado por el FSE.&nbsp; Adicionalmente, tanto maestros como alumnado llevaremos ese d\u00eda mascarillas de color morado como homenaje al trabajo que d\u00eda a d\u00eda se hace para la igualdad real entre mujeres y hombres.<\/p>\n<p><em>#IMPULSA&nbsp; #PROA+<\/em><\/p>\n<p><a href=\"https:\/\/blogsaverroes.juntadeandalucia.es\/ceipvr\/files\/2022\/01\/Banner-tres-logos1.jpg\"><img decoding=\"async\" class=\"aligncenter size-medium wp-image-3708\" src=\"https:\/\/blogsaverroes.juntadeandalucia.es\/ceipvr\/files\/2022\/01\/Banner-tres-logos1-300x51.jpg\" alt=\"\" width=\"300\" height=\"51\" srcset=\"https:\/\/blogsaverroes.juntadeandalucia.es\/ceipvr\/files\/2022\/01\/Banner-tres-logos1-300x51.jpg 300w, https:\/\/blogsaverroes.juntadeandalucia.es\/ceipvr\/files\/2022\/01\/Banner-tres-logos1-1024x173.jpg 1024w, https:\/\/blogsaverroes.juntadeandalucia.es\/ceipvr\/files\/2022\/01\/Banner-tres-logos1-768x129.jpg 768w, https:\/\/blogsaverroes.juntadeandalucia.es\/ceipvr\/files\/2022\/01\/Banner-tres-logos1.jpg 1175w\" sizes=\"(max-width: 300px) 100vw, 300px\" \/><\/a><a href=\"https:\/\/blogsaverroes.juntadeandalucia.es\/ceipvr\/files\/2022\/02\/LOGO-Impulsa-copia-1.jpg\"><img decoding=\"async\" class=\"aligncenter size-medium wp-image-3683\" src=\"https:\/\/blogsaverroes.juntadeandalucia.es\/ceipvr\/files\/2022\/02\/LOGO-Impulsa-copia-1-300x163.jpg\" alt=\"\" width=\"300\" height=\"163\" srcset=\"https:\/\/blogsaverroes.juntadeandalucia.es\/ceipvr\/files\/2022\/02\/LOGO-Impulsa-copia-1-300x163.jpg 300w, https:\/\/blogsaverroes.juntadeandalucia.es\/ceipvr\/files\/2022\/02\/LOGO-Impulsa-copia-1-768x417.jpg 768w, https:\/\/blogsaverroes.juntadeandalucia.es\/ceipvr\/files\/2022\/02\/LOGO-Impulsa-copia-1.jpg 850w\" sizes=\"(max-width: 300px) 100vw, 300px\" \/><\/a><\/p>\n<p><a href=\"https:\/\/blogsaverroes.juntadeandalucia.es\/ceipvr\/files\/2022\/01\/PROA-300x133-1.jpg\"><img decoding=\"async\" class=\"aligncenter size-full wp-image-3408\" src=\"https:\/\/blogsaverroes.juntadeandalucia.es\/ceipvr\/files\/2022\/01\/PROA-300x133-1.jpg\" alt=\"\" width=\"300\" height=\"133\"><\/a><\/p>\n<p>&nbsp;<\/p>\n","protected":false},"excerpt":{"rendered":"<p>&nbsp; El 8 de marzo, D\u00eda Internacional de las Mujeres, se ha convertido en una fecha muy se\u00f1alada para reflexionar sobre el largo camino que las mujeres han tenido que recorrer para ver reconocidos sus derechos y visibilizar su contribuci\u00f3n en todas las facetas de&#46;&#46;&#46;<\/p>\n","protected":false},"author":10667,"featured_media":3793,"comment_status":"open","ping_status":"open","sticky":false,"template":"","format":"standard","meta":{"ngg_post_thumbnail":0,"footnotes":""},"categories":[26636,526,2351671,307438,2351670,2351653],"tags":[],"aioseo_notices":[],"_links":{"self":[{"href":"https:\/\/blogsaverroes.juntadeandalucia.es\/ceipvr\/wp-json\/wp\/v2\/posts\/3596"}],"collection":[{"href":"https:\/\/blogsaverroes.juntadeandalucia.es\/ceipvr\/wp-json\/wp\/v2\/posts"}],"about":[{"href":"https:\/\/blogsaverroes.juntadeandalucia.es\/ceipvr\/wp-json\/wp\/v2\/types\/post"}],"author":[{"embeddable":true,"href":"https:\/\/blogsaverroes.juntadeandalucia.es\/ceipvr\/wp-json\/wp\/v2\/users\/10667"}],"replies":[{"embeddable":true,"href":"https:\/\/blogsaverroes.juntadeandalucia.es\/ceipvr\/wp-json\/wp\/v2\/comments?post=3596"}],"version-history":[{"count":8,"href":"https:\/\/blogsaverroes.juntadeandalucia.es\/ceipvr\/wp-json\/wp\/v2\/posts\/3596\/revisions"}],"predecessor-version":[{"id":3816,"href":"https:\/\/blogsaverroes.juntadeandalucia.es\/ceipvr\/wp-json\/wp\/v2\/posts\/3596\/revisions\/3816"}],"wp:featuredmedia":[{"embeddable":true,"href":"https:\/\/blogsaverroes.juntadeandalucia.es\/ceipvr\/wp-json\/wp\/v2\/media\/3793"}],"wp:attachment":[{"href":"https:\/\/blogsaverroes.juntadeandalucia.es\/ceipvr\/wp-json\/wp\/v2\/media?parent=3596"}],"wp:term":[{"taxonomy":"category","embeddable":true,"href":"https:\/\/blogsaverroes.juntadeandalucia.es\/ceipvr\/wp-json\/wp\/v2\/categories?post=3596"},{"taxonomy":"post_tag","embeddable":true,"href":"https:\/\/blogsaverroes.juntadeandalucia.es\/ceipvr\/wp-json\/wp\/v2\/tags?post=3596"}],"curies":[{"name":"wp","href":"https:\/\/api.w.org\/{rel}","templated":true}]}}