{"id":3762,"date":"2022-03-08T10:58:22","date_gmt":"2022-03-08T10:58:22","guid":{"rendered":"https:\/\/blogsaverroes.juntadeandalucia.es\/ceipvr\/?p=3762"},"modified":"2022-03-15T10:52:06","modified_gmt":"2022-03-15T10:52:06","slug":"udi-desastres-naturales","status":"publish","type":"post","link":"https:\/\/blogsaverroes.juntadeandalucia.es\/ceipvr\/udi-desastres-naturales\/","title":{"rendered":"UDI &#8220;DESASTRES NATURALES&#8221;"},"content":{"rendered":"<p>&nbsp;<\/p>\n<p style=\"text-align: justify\">En nuestra nueva UDI de tem\u00e1tica com\u00fan para todo el centro &#8220;LA NATURALEZA ES FENOMENAL&#8221; en la que todos los alumnos y alumnas est\u00e1n participando, se llevan a cabo diferentes actividades y metodolog\u00edas en distintas asignaturas. Por ejemplo, el alumnado de 2\u00b0 de primaria est\u00e1 aprendiendo sobre cat\u00e1strofes naturales, y la clase de educaci\u00f3n art\u00edstica ha transcurrido dibujando y usando las acuarelas para crear un TORNADO. Vean la experiencia:&nbsp;<\/p>\n<p>&nbsp;<\/p>\n<p><a href=\"https:\/\/blogsaverroes.juntadeandalucia.es\/ceipvr\/files\/2022\/03\/20220304_112012-scaled.jpg\"><img fetchpriority=\"high\" decoding=\"async\" class=\"aligncenter size-medium wp-image-3766\" src=\"https:\/\/blogsaverroes.juntadeandalucia.es\/ceipvr\/files\/2022\/03\/20220304_112012-225x300.jpg\" alt=\"\" width=\"225\" height=\"300\" srcset=\"https:\/\/blogsaverroes.juntadeandalucia.es\/ceipvr\/files\/2022\/03\/20220304_112012-225x300.jpg 225w, https:\/\/blogsaverroes.juntadeandalucia.es\/ceipvr\/files\/2022\/03\/20220304_112012-768x1024.jpg 768w, https:\/\/blogsaverroes.juntadeandalucia.es\/ceipvr\/files\/2022\/03\/20220304_112012-1152x1536.jpg 1152w, https:\/\/blogsaverroes.juntadeandalucia.es\/ceipvr\/files\/2022\/03\/20220304_112012-1536x2048.jpg 1536w, https:\/\/blogsaverroes.juntadeandalucia.es\/ceipvr\/files\/2022\/03\/20220304_112012-scaled.jpg 1200w\" sizes=\"(max-width: 225px) 100vw, 225px\" \/><\/a> <a href=\"https:\/\/blogsaverroes.juntadeandalucia.es\/ceipvr\/files\/2022\/03\/20220304_112017-scaled.jpg\"><img decoding=\"async\" class=\"aligncenter size-medium wp-image-3767\" src=\"https:\/\/blogsaverroes.juntadeandalucia.es\/ceipvr\/files\/2022\/03\/20220304_112017-225x300.jpg\" alt=\"\" width=\"225\" height=\"300\" srcset=\"https:\/\/blogsaverroes.juntadeandalucia.es\/ceipvr\/files\/2022\/03\/20220304_112017-225x300.jpg 225w, https:\/\/blogsaverroes.juntadeandalucia.es\/ceipvr\/files\/2022\/03\/20220304_112017-768x1024.jpg 768w, https:\/\/blogsaverroes.juntadeandalucia.es\/ceipvr\/files\/2022\/03\/20220304_112017-1152x1536.jpg 1152w, https:\/\/blogsaverroes.juntadeandalucia.es\/ceipvr\/files\/2022\/03\/20220304_112017-1536x2048.jpg 1536w, https:\/\/blogsaverroes.juntadeandalucia.es\/ceipvr\/files\/2022\/03\/20220304_112017-scaled.jpg 1200w\" sizes=\"(max-width: 225px) 100vw, 225px\" \/><\/a> <a href=\"https:\/\/blogsaverroes.juntadeandalucia.es\/ceipvr\/files\/2022\/03\/20220304_112024-scaled.jpg\"><img decoding=\"async\" class=\"aligncenter size-medium wp-image-3768\" src=\"https:\/\/blogsaverroes.juntadeandalucia.es\/ceipvr\/files\/2022\/03\/20220304_112024-225x300.jpg\" alt=\"\" width=\"225\" height=\"300\" srcset=\"https:\/\/blogsaverroes.juntadeandalucia.es\/ceipvr\/files\/2022\/03\/20220304_112024-225x300.jpg 225w, https:\/\/blogsaverroes.juntadeandalucia.es\/ceipvr\/files\/2022\/03\/20220304_112024-768x1024.jpg 768w, https:\/\/blogsaverroes.juntadeandalucia.es\/ceipvr\/files\/2022\/03\/20220304_112024-1152x1536.jpg 1152w, https:\/\/blogsaverroes.juntadeandalucia.es\/ceipvr\/files\/2022\/03\/20220304_112024-1536x2048.jpg 1536w, https:\/\/blogsaverroes.juntadeandalucia.es\/ceipvr\/files\/2022\/03\/20220304_112024-scaled.jpg 1200w\" sizes=\"(max-width: 225px) 100vw, 225px\" \/><\/a> <a href=\"https:\/\/blogsaverroes.juntadeandalucia.es\/ceipvr\/files\/2022\/03\/20220304_112031-scaled.jpg\"><img loading=\"lazy\" decoding=\"async\" class=\"aligncenter size-medium wp-image-3769\" src=\"https:\/\/blogsaverroes.juntadeandalucia.es\/ceipvr\/files\/2022\/03\/20220304_112031-225x300.jpg\" alt=\"\" width=\"225\" height=\"300\" srcset=\"https:\/\/blogsaverroes.juntadeandalucia.es\/ceipvr\/files\/2022\/03\/20220304_112031-225x300.jpg 225w, https:\/\/blogsaverroes.juntadeandalucia.es\/ceipvr\/files\/2022\/03\/20220304_112031-768x1024.jpg 768w, https:\/\/blogsaverroes.juntadeandalucia.es\/ceipvr\/files\/2022\/03\/20220304_112031-1152x1536.jpg 1152w, https:\/\/blogsaverroes.juntadeandalucia.es\/ceipvr\/files\/2022\/03\/20220304_112031-1536x2048.jpg 1536w, https:\/\/blogsaverroes.juntadeandalucia.es\/ceipvr\/files\/2022\/03\/20220304_112031-scaled.jpg 1200w\" sizes=\"(max-width: 225px) 100vw, 225px\" \/><\/a> <a href=\"https:\/\/blogsaverroes.juntadeandalucia.es\/ceipvr\/files\/2022\/03\/20220304_112043-scaled.jpg\"><img loading=\"lazy\" decoding=\"async\" class=\"aligncenter size-medium wp-image-3770\" src=\"https:\/\/blogsaverroes.juntadeandalucia.es\/ceipvr\/files\/2022\/03\/20220304_112043-225x300.jpg\" alt=\"\" width=\"225\" height=\"300\" srcset=\"https:\/\/blogsaverroes.juntadeandalucia.es\/ceipvr\/files\/2022\/03\/20220304_112043-225x300.jpg 225w, https:\/\/blogsaverroes.juntadeandalucia.es\/ceipvr\/files\/2022\/03\/20220304_112043-768x1024.jpg 768w, https:\/\/blogsaverroes.juntadeandalucia.es\/ceipvr\/files\/2022\/03\/20220304_112043-1152x1536.jpg 1152w, https:\/\/blogsaverroes.juntadeandalucia.es\/ceipvr\/files\/2022\/03\/20220304_112043-1536x2048.jpg 1536w, https:\/\/blogsaverroes.juntadeandalucia.es\/ceipvr\/files\/2022\/03\/20220304_112043-scaled.jpg 1200w\" sizes=\"(max-width: 225px) 100vw, 225px\" \/><\/a> <a href=\"https:\/\/blogsaverroes.juntadeandalucia.es\/ceipvr\/files\/2022\/03\/20220304_112046-scaled.jpg\"><img loading=\"lazy\" decoding=\"async\" class=\"aligncenter size-medium wp-image-3771\" src=\"https:\/\/blogsaverroes.juntadeandalucia.es\/ceipvr\/files\/2022\/03\/20220304_112046-225x300.jpg\" alt=\"\" width=\"225\" height=\"300\" srcset=\"https:\/\/blogsaverroes.juntadeandalucia.es\/ceipvr\/files\/2022\/03\/20220304_112046-225x300.jpg 225w, https:\/\/blogsaverroes.juntadeandalucia.es\/ceipvr\/files\/2022\/03\/20220304_112046-768x1024.jpg 768w, https:\/\/blogsaverroes.juntadeandalucia.es\/ceipvr\/files\/2022\/03\/20220304_112046-1152x1536.jpg 1152w, https:\/\/blogsaverroes.juntadeandalucia.es\/ceipvr\/files\/2022\/03\/20220304_112046-1536x2048.jpg 1536w, https:\/\/blogsaverroes.juntadeandalucia.es\/ceipvr\/files\/2022\/03\/20220304_112046-scaled.jpg 1200w\" sizes=\"(max-width: 225px) 100vw, 225px\" \/><\/a> <a href=\"https:\/\/blogsaverroes.juntadeandalucia.es\/ceipvr\/files\/2022\/03\/20220304_112050-scaled.jpg\"><img loading=\"lazy\" decoding=\"async\" class=\"aligncenter size-medium wp-image-3772\" src=\"https:\/\/blogsaverroes.juntadeandalucia.es\/ceipvr\/files\/2022\/03\/20220304_112050-225x300.jpg\" alt=\"\" width=\"225\" height=\"300\" srcset=\"https:\/\/blogsaverroes.juntadeandalucia.es\/ceipvr\/files\/2022\/03\/20220304_112050-225x300.jpg 225w, https:\/\/blogsaverroes.juntadeandalucia.es\/ceipvr\/files\/2022\/03\/20220304_112050-768x1024.jpg 768w, https:\/\/blogsaverroes.juntadeandalucia.es\/ceipvr\/files\/2022\/03\/20220304_112050-1152x1536.jpg 1152w, https:\/\/blogsaverroes.juntadeandalucia.es\/ceipvr\/files\/2022\/03\/20220304_112050-1536x2048.jpg 1536w, https:\/\/blogsaverroes.juntadeandalucia.es\/ceipvr\/files\/2022\/03\/20220304_112050-scaled.jpg 1200w\" sizes=\"(max-width: 225px) 100vw, 225px\" \/><\/a> <a href=\"https:\/\/blogsaverroes.juntadeandalucia.es\/ceipvr\/files\/2022\/03\/20220304_122909-scaled.jpg\"><img loading=\"lazy\" decoding=\"async\" class=\"aligncenter size-medium wp-image-3773\" src=\"https:\/\/blogsaverroes.juntadeandalucia.es\/ceipvr\/files\/2022\/03\/20220304_122909-225x300.jpg\" alt=\"\" width=\"225\" height=\"300\" srcset=\"https:\/\/blogsaverroes.juntadeandalucia.es\/ceipvr\/files\/2022\/03\/20220304_122909-225x300.jpg 225w, https:\/\/blogsaverroes.juntadeandalucia.es\/ceipvr\/files\/2022\/03\/20220304_122909-768x1024.jpg 768w, https:\/\/blogsaverroes.juntadeandalucia.es\/ceipvr\/files\/2022\/03\/20220304_122909-1152x1536.jpg 1152w, https:\/\/blogsaverroes.juntadeandalucia.es\/ceipvr\/files\/2022\/03\/20220304_122909-1536x2048.jpg 1536w, https:\/\/blogsaverroes.juntadeandalucia.es\/ceipvr\/files\/2022\/03\/20220304_122909-scaled.jpg 1200w\" sizes=\"(max-width: 225px) 100vw, 225px\" \/><\/a><\/p>\n<p>&nbsp;<\/p>\n<p>Y aqu\u00ed les mostramos el libro sobre las cat\u00e1strofes naturales que el alumnado de 2\u00b0 ha elaborado como producto final de la UDI LA NATURALEZA ES FENOMENAL:<\/p>\n<p><a href=\"https:\/\/blogsaverroes.juntadeandalucia.es\/ceipvr\/files\/2022\/03\/20220310_134457-scaled.jpg\"><img loading=\"lazy\" decoding=\"async\" class=\"aligncenter size-medium wp-image-3851\" src=\"https:\/\/blogsaverroes.juntadeandalucia.es\/ceipvr\/files\/2022\/03\/20220310_134457-300x225.jpg\" alt=\"\" width=\"300\" height=\"225\" srcset=\"https:\/\/blogsaverroes.juntadeandalucia.es\/ceipvr\/files\/2022\/03\/20220310_134457-300x225.jpg 300w, https:\/\/blogsaverroes.juntadeandalucia.es\/ceipvr\/files\/2022\/03\/20220310_134457-1024x768.jpg 1024w, https:\/\/blogsaverroes.juntadeandalucia.es\/ceipvr\/files\/2022\/03\/20220310_134457-768x576.jpg 768w, https:\/\/blogsaverroes.juntadeandalucia.es\/ceipvr\/files\/2022\/03\/20220310_134457-1536x1152.jpg 1536w, https:\/\/blogsaverroes.juntadeandalucia.es\/ceipvr\/files\/2022\/03\/20220310_134457-2048x1536.jpg 2048w, https:\/\/blogsaverroes.juntadeandalucia.es\/ceipvr\/files\/2022\/03\/20220310_134457-scaled.jpg 1600w\" sizes=\"(max-width: 300px) 100vw, 300px\" \/><\/a><\/p>\n<div id=\":1kf\" class=\"ii gt\">\n<div id=\":1ke\" class=\"a3s aiL \">\n<div class=\"yj6qo\">&nbsp;<\/div>\n<div class=\"adL\">&nbsp;<\/div>\n<\/div>\n<\/div>\n<div id=\":1jx\" class=\"hq gt a10\">&nbsp;<\/div>\n","protected":false},"excerpt":{"rendered":"<p>&nbsp; En nuestra nueva UDI de tem\u00e1tica com\u00fan para todo el centro &#8220;LA NATURALEZA ES FENOMENAL&#8221; en la que todos los alumnos y alumnas est\u00e1n participando, se llevan a cabo diferentes actividades y metodolog\u00edas en distintas asignaturas. Por ejemplo, el alumnado de 2\u00b0 de primaria&#46;&#46;&#46;<\/p>\n","protected":false},"author":10667,"featured_media":3770,"comment_status":"open","ping_status":"open","sticky":false,"template":"","format":"standard","meta":{"ngg_post_thumbnail":0,"footnotes":""},"categories":[26636,25494,25495,25496,25498,526],"tags":[],"aioseo_notices":[],"_links":{"self":[{"href":"https:\/\/blogsaverroes.juntadeandalucia.es\/ceipvr\/wp-json\/wp\/v2\/posts\/3762"}],"collection":[{"href":"https:\/\/blogsaverroes.juntadeandalucia.es\/ceipvr\/wp-json\/wp\/v2\/posts"}],"about":[{"href":"https:\/\/blogsaverroes.juntadeandalucia.es\/ceipvr\/wp-json\/wp\/v2\/types\/post"}],"author":[{"embeddable":true,"href":"https:\/\/blogsaverroes.juntadeandalucia.es\/ceipvr\/wp-json\/wp\/v2\/users\/10667"}],"replies":[{"embeddable":true,"href":"https:\/\/blogsaverroes.juntadeandalucia.es\/ceipvr\/wp-json\/wp\/v2\/comments?post=3762"}],"version-history":[{"count":4,"href":"https:\/\/blogsaverroes.juntadeandalucia.es\/ceipvr\/wp-json\/wp\/v2\/posts\/3762\/revisions"}],"predecessor-version":[{"id":3853,"href":"https:\/\/blogsaverroes.juntadeandalucia.es\/ceipvr\/wp-json\/wp\/v2\/posts\/3762\/revisions\/3853"}],"wp:featuredmedia":[{"embeddable":true,"href":"https:\/\/blogsaverroes.juntadeandalucia.es\/ceipvr\/wp-json\/wp\/v2\/media\/3770"}],"wp:attachment":[{"href":"https:\/\/blogsaverroes.juntadeandalucia.es\/ceipvr\/wp-json\/wp\/v2\/media?parent=3762"}],"wp:term":[{"taxonomy":"category","embeddable":true,"href":"https:\/\/blogsaverroes.juntadeandalucia.es\/ceipvr\/wp-json\/wp\/v2\/categories?post=3762"},{"taxonomy":"post_tag","embeddable":true,"href":"https:\/\/blogsaverroes.juntadeandalucia.es\/ceipvr\/wp-json\/wp\/v2\/tags?post=3762"}],"curies":[{"name":"wp","href":"https:\/\/api.w.org\/{rel}","templated":true}]}}