{"id":4793,"date":"2023-01-13T19:56:40","date_gmt":"2023-01-13T19:56:40","guid":{"rendered":"https:\/\/blogsaverroes.juntadeandalucia.es\/ceipvr\/?p=4793"},"modified":"2023-05-25T11:48:31","modified_gmt":"2023-05-25T11:48:31","slug":"proa-estaciones-aprendizaje-6o","status":"publish","type":"post","link":"https:\/\/blogsaverroes.juntadeandalucia.es\/ceipvr\/proa-estaciones-aprendizaje-6o\/","title":{"rendered":"PROA+ ESTACIONES APRENDIZAJE 6\u00ba"},"content":{"rendered":"<p><a href=\"https:\/\/blogsaverroes.juntadeandalucia.es\/ceipvr\/files\/2022\/02\/Captura-de-pantalla-2023-05-24-a-las-22.19.06.png\"><img decoding=\"async\" class=\"aligncenter size-medium wp-image-5255\" src=\"https:\/\/blogsaverroes.juntadeandalucia.es\/ceipvr\/files\/2022\/02\/Captura-de-pantalla-2023-05-24-a-las-22.19.06-300x112.png\" alt=\"\" width=\"300\" height=\"112\" srcset=\"https:\/\/blogsaverroes.juntadeandalucia.es\/ceipvr\/files\/2022\/02\/Captura-de-pantalla-2023-05-24-a-las-22.19.06-300x112.png 300w, https:\/\/blogsaverroes.juntadeandalucia.es\/ceipvr\/files\/2022\/02\/Captura-de-pantalla-2023-05-24-a-las-22.19.06-768x287.png 768w, https:\/\/blogsaverroes.juntadeandalucia.es\/ceipvr\/files\/2022\/02\/Captura-de-pantalla-2023-05-24-a-las-22.19.06.png 878w\" sizes=\"(max-width: 300px) 100vw, 300px\" \/><\/a>En estas im\u00e1genes podemos ver al alumnado de 6\u00ba de primaria, trabajando la metodolog\u00eda de Estaciones de Aprendizaje desde una perspectiva inclusiva.<\/p>\n<p>En este caso en la asignatura de LENGUA, las actividades que han realizado en cada equipo han sido: sin\u00f3nimos, prefijos\/sufijos y an\u00e1lisis de oraciones.<\/p>\n<p>Estas actividades est\u00e1n enmarcadas en el programa PROA+ Transf\u00f3rmate el cual est\u00e1 subvencionado por el Plan de Recuperaci\u00f3n, Transformaci\u00f3n y Resilencia, El Gobierno de Espa\u00f1a, el Ministerio de Educaci\u00f3n y Formaci\u00f3n Profesional, y por la Uni\u00f3n Europea Next GenerationEU.<a href=\"https:\/\/blogsaverroes.juntadeandalucia.es\/ceipvr\/files\/2023\/01\/IMG-20230117-WA0009.jpg\"><img fetchpriority=\"high\" decoding=\"async\" class=\"aligncenter size-medium wp-image-4798\" src=\"https:\/\/blogsaverroes.juntadeandalucia.es\/ceipvr\/files\/2023\/01\/IMG-20230117-WA0009-225x300.jpg\" alt=\"\" width=\"225\" height=\"300\" srcset=\"https:\/\/blogsaverroes.juntadeandalucia.es\/ceipvr\/files\/2023\/01\/IMG-20230117-WA0009-225x300.jpg 225w, https:\/\/blogsaverroes.juntadeandalucia.es\/ceipvr\/files\/2023\/01\/IMG-20230117-WA0009-768x1024.jpg 768w, https:\/\/blogsaverroes.juntadeandalucia.es\/ceipvr\/files\/2023\/01\/IMG-20230117-WA0009-1152x1536.jpg 1152w, https:\/\/blogsaverroes.juntadeandalucia.es\/ceipvr\/files\/2023\/01\/IMG-20230117-WA0009.jpg 1200w\" sizes=\"(max-width: 225px) 100vw, 225px\" \/><\/a> <a href=\"https:\/\/blogsaverroes.juntadeandalucia.es\/ceipvr\/files\/2023\/01\/IMG-20230117-WA0013.jpg\"><img decoding=\"async\" class=\"aligncenter size-medium wp-image-4799\" src=\"https:\/\/blogsaverroes.juntadeandalucia.es\/ceipvr\/files\/2023\/01\/IMG-20230117-WA0013-225x300.jpg\" alt=\"\" width=\"225\" height=\"300\" srcset=\"https:\/\/blogsaverroes.juntadeandalucia.es\/ceipvr\/files\/2023\/01\/IMG-20230117-WA0013-225x300.jpg 225w, https:\/\/blogsaverroes.juntadeandalucia.es\/ceipvr\/files\/2023\/01\/IMG-20230117-WA0013-768x1024.jpg 768w, https:\/\/blogsaverroes.juntadeandalucia.es\/ceipvr\/files\/2023\/01\/IMG-20230117-WA0013-1152x1536.jpg 1152w, https:\/\/blogsaverroes.juntadeandalucia.es\/ceipvr\/files\/2023\/01\/IMG-20230117-WA0013.jpg 1200w\" sizes=\"(max-width: 225px) 100vw, 225px\" \/><\/a> <a href=\"https:\/\/blogsaverroes.juntadeandalucia.es\/ceipvr\/files\/2023\/01\/IMG-20230117-WA0011.jpg\"><img loading=\"lazy\" decoding=\"async\" class=\"aligncenter size-medium wp-image-4797\" src=\"https:\/\/blogsaverroes.juntadeandalucia.es\/ceipvr\/files\/2023\/01\/IMG-20230117-WA0011-300x225.jpg\" alt=\"\" width=\"300\" height=\"225\" srcset=\"https:\/\/blogsaverroes.juntadeandalucia.es\/ceipvr\/files\/2023\/01\/IMG-20230117-WA0011-300x225.jpg 300w, https:\/\/blogsaverroes.juntadeandalucia.es\/ceipvr\/files\/2023\/01\/IMG-20230117-WA0011-1024x768.jpg 1024w, https:\/\/blogsaverroes.juntadeandalucia.es\/ceipvr\/files\/2023\/01\/IMG-20230117-WA0011-768x576.jpg 768w, https:\/\/blogsaverroes.juntadeandalucia.es\/ceipvr\/files\/2023\/01\/IMG-20230117-WA0011-1536x1152.jpg 1536w, https:\/\/blogsaverroes.juntadeandalucia.es\/ceipvr\/files\/2023\/01\/IMG-20230117-WA0011.jpg 1600w\" sizes=\"(max-width: 300px) 100vw, 300px\" \/><\/a> <a href=\"https:\/\/blogsaverroes.juntadeandalucia.es\/ceipvr\/files\/2023\/01\/IMG-20230117-WA0010.jpg\"><img loading=\"lazy\" decoding=\"async\" class=\"aligncenter size-medium wp-image-4794\" src=\"https:\/\/blogsaverroes.juntadeandalucia.es\/ceipvr\/files\/2023\/01\/IMG-20230117-WA0010-300x225.jpg\" alt=\"\" width=\"300\" height=\"225\" srcset=\"https:\/\/blogsaverroes.juntadeandalucia.es\/ceipvr\/files\/2023\/01\/IMG-20230117-WA0010-300x225.jpg 300w, https:\/\/blogsaverroes.juntadeandalucia.es\/ceipvr\/files\/2023\/01\/IMG-20230117-WA0010-1024x768.jpg 1024w, https:\/\/blogsaverroes.juntadeandalucia.es\/ceipvr\/files\/2023\/01\/IMG-20230117-WA0010-768x576.jpg 768w, https:\/\/blogsaverroes.juntadeandalucia.es\/ceipvr\/files\/2023\/01\/IMG-20230117-WA0010-1536x1152.jpg 1536w, https:\/\/blogsaverroes.juntadeandalucia.es\/ceipvr\/files\/2023\/01\/IMG-20230117-WA0010.jpg 1600w\" sizes=\"(max-width: 300px) 100vw, 300px\" \/><\/a> <a href=\"https:\/\/blogsaverroes.juntadeandalucia.es\/ceipvr\/files\/2023\/01\/IMG-20230117-WA0012.jpg\"><img loading=\"lazy\" decoding=\"async\" class=\"aligncenter size-medium wp-image-4795\" src=\"https:\/\/blogsaverroes.juntadeandalucia.es\/ceipvr\/files\/2023\/01\/IMG-20230117-WA0012-225x300.jpg\" alt=\"\" width=\"225\" height=\"300\" srcset=\"https:\/\/blogsaverroes.juntadeandalucia.es\/ceipvr\/files\/2023\/01\/IMG-20230117-WA0012-225x300.jpg 225w, https:\/\/blogsaverroes.juntadeandalucia.es\/ceipvr\/files\/2023\/01\/IMG-20230117-WA0012-768x1024.jpg 768w, https:\/\/blogsaverroes.juntadeandalucia.es\/ceipvr\/files\/2023\/01\/IMG-20230117-WA0012-1152x1536.jpg 1152w, https:\/\/blogsaverroes.juntadeandalucia.es\/ceipvr\/files\/2023\/01\/IMG-20230117-WA0012.jpg 1200w\" sizes=\"(max-width: 225px) 100vw, 225px\" \/><\/a> <a href=\"https:\/\/blogsaverroes.juntadeandalucia.es\/ceipvr\/files\/2023\/01\/IMG-20230117-WA0014.jpg\"><img loading=\"lazy\" decoding=\"async\" class=\"aligncenter size-medium wp-image-4796\" src=\"https:\/\/blogsaverroes.juntadeandalucia.es\/ceipvr\/files\/2023\/01\/IMG-20230117-WA0014-300x225.jpg\" alt=\"\" width=\"300\" height=\"225\" srcset=\"https:\/\/blogsaverroes.juntadeandalucia.es\/ceipvr\/files\/2023\/01\/IMG-20230117-WA0014-300x225.jpg 300w, https:\/\/blogsaverroes.juntadeandalucia.es\/ceipvr\/files\/2023\/01\/IMG-20230117-WA0014-1024x768.jpg 1024w, https:\/\/blogsaverroes.juntadeandalucia.es\/ceipvr\/files\/2023\/01\/IMG-20230117-WA0014-768x576.jpg 768w, https:\/\/blogsaverroes.juntadeandalucia.es\/ceipvr\/files\/2023\/01\/IMG-20230117-WA0014-1536x1152.jpg 1536w, https:\/\/blogsaverroes.juntadeandalucia.es\/ceipvr\/files\/2023\/01\/IMG-20230117-WA0014.jpg 1600w\" sizes=\"(max-width: 300px) 100vw, 300px\" \/><\/a><\/p>\n","protected":false},"excerpt":{"rendered":"<p>En estas im\u00e1genes podemos ver al alumnado de 6\u00ba de primaria, trabajando la metodolog\u00eda de Estaciones de Aprendizaje desde una perspectiva inclusiva. En este caso en la asignatura de LENGUA, las actividades que han realizado en cada equipo han sido: sin\u00f3nimos, prefijos\/sufijos y an\u00e1lisis de&#46;&#46;&#46;<\/p>\n","protected":false},"author":10667,"featured_media":4799,"comment_status":"open","ping_status":"open","sticky":false,"template":"","format":"standard","meta":{"ngg_post_thumbnail":0,"footnotes":""},"categories":[25496,2351670,2351692,2351696,2351698],"tags":[],"aioseo_notices":[],"_links":{"self":[{"href":"https:\/\/blogsaverroes.juntadeandalucia.es\/ceipvr\/wp-json\/wp\/v2\/posts\/4793"}],"collection":[{"href":"https:\/\/blogsaverroes.juntadeandalucia.es\/ceipvr\/wp-json\/wp\/v2\/posts"}],"about":[{"href":"https:\/\/blogsaverroes.juntadeandalucia.es\/ceipvr\/wp-json\/wp\/v2\/types\/post"}],"author":[{"embeddable":true,"href":"https:\/\/blogsaverroes.juntadeandalucia.es\/ceipvr\/wp-json\/wp\/v2\/users\/10667"}],"replies":[{"embeddable":true,"href":"https:\/\/blogsaverroes.juntadeandalucia.es\/ceipvr\/wp-json\/wp\/v2\/comments?post=4793"}],"version-history":[{"count":3,"href":"https:\/\/blogsaverroes.juntadeandalucia.es\/ceipvr\/wp-json\/wp\/v2\/posts\/4793\/revisions"}],"predecessor-version":[{"id":5261,"href":"https:\/\/blogsaverroes.juntadeandalucia.es\/ceipvr\/wp-json\/wp\/v2\/posts\/4793\/revisions\/5261"}],"wp:featuredmedia":[{"embeddable":true,"href":"https:\/\/blogsaverroes.juntadeandalucia.es\/ceipvr\/wp-json\/wp\/v2\/media\/4799"}],"wp:attachment":[{"href":"https:\/\/blogsaverroes.juntadeandalucia.es\/ceipvr\/wp-json\/wp\/v2\/media?parent=4793"}],"wp:term":[{"taxonomy":"category","embeddable":true,"href":"https:\/\/blogsaverroes.juntadeandalucia.es\/ceipvr\/wp-json\/wp\/v2\/categories?post=4793"},{"taxonomy":"post_tag","embeddable":true,"href":"https:\/\/blogsaverroes.juntadeandalucia.es\/ceipvr\/wp-json\/wp\/v2\/tags?post=4793"}],"curies":[{"name":"wp","href":"https:\/\/api.w.org\/{rel}","templated":true}]}}