{"id":4888,"date":"2023-03-01T15:23:17","date_gmt":"2023-03-01T15:23:17","guid":{"rendered":"https:\/\/blogsaverroes.juntadeandalucia.es\/ceipvr\/?p=4888"},"modified":"2023-05-25T11:46:23","modified_gmt":"2023-05-25T11:46:23","slug":"programa-reto-mes-de-febrero-mes-del-amor","status":"publish","type":"post","link":"https:\/\/blogsaverroes.juntadeandalucia.es\/ceipvr\/programa-reto-mes-de-febrero-mes-del-amor\/","title":{"rendered":"Programa RETO. Mes de Febrero. Mes del Amor"},"content":{"rendered":"<p><a href=\"https:\/\/blogsaverroes.juntadeandalucia.es\/ceipvr\/files\/2022\/02\/Captura-de-pantalla-2023-05-24-a-las-22.19.06.png\"><img decoding=\"async\" class=\"aligncenter size-medium wp-image-5255\" src=\"https:\/\/blogsaverroes.juntadeandalucia.es\/ceipvr\/files\/2022\/02\/Captura-de-pantalla-2023-05-24-a-las-22.19.06-300x112.png\" alt=\"\" width=\"300\" height=\"112\" srcset=\"https:\/\/blogsaverroes.juntadeandalucia.es\/ceipvr\/files\/2022\/02\/Captura-de-pantalla-2023-05-24-a-las-22.19.06-300x112.png 300w, https:\/\/blogsaverroes.juntadeandalucia.es\/ceipvr\/files\/2022\/02\/Captura-de-pantalla-2023-05-24-a-las-22.19.06-768x287.png 768w, https:\/\/blogsaverroes.juntadeandalucia.es\/ceipvr\/files\/2022\/02\/Captura-de-pantalla-2023-05-24-a-las-22.19.06.png 878w\" sizes=\"(max-width: 300px) 100vw, 300px\" \/><\/a>En el mes de febrero, aprovechando el d\u00eda 14 de febrero, d\u00eda de la amistad y del amor, todo el centro ha estado realizando trabajos entorno a la emoci\u00f3n del amor. Esto est\u00e1 enmarcado dentro del Plan de Igualdad y el Programa PROA+ Transf\u00f3rmate, ya que todas las actividades que se realizan se hacen desde una metodolog\u00eda activa y adem\u00e1s desde la Inclusi\u00f3n.<\/p>\n<p>Aqu\u00ed os dejamos un video representativo del trabajo realizado en este mes.<\/p>\n<p><iframe src=\"\/\/www.youtube.com\/embed\/Yffl7dfFr5Y\" width=\"560\" height=\"315\" frameborder=\"0\"><\/iframe><\/p>\n","protected":false},"excerpt":{"rendered":"<p>En el mes de febrero, aprovechando el d\u00eda 14 de febrero, d\u00eda de la amistad y del amor, todo el centro ha estado realizando trabajos entorno a la emoci\u00f3n del amor. Esto est\u00e1 enmarcado dentro del Plan de Igualdad y el Programa PROA+ Transf\u00f3rmate, ya&#46;&#46;&#46;<\/p>\n","protected":false},"author":10667,"featured_media":0,"comment_status":"open","ping_status":"open","sticky":false,"template":"","format":"standard","meta":{"ngg_post_thumbnail":0,"footnotes":""},"categories":[11909],"tags":[],"aioseo_notices":[],"_links":{"self":[{"href":"https:\/\/blogsaverroes.juntadeandalucia.es\/ceipvr\/wp-json\/wp\/v2\/posts\/4888"}],"collection":[{"href":"https:\/\/blogsaverroes.juntadeandalucia.es\/ceipvr\/wp-json\/wp\/v2\/posts"}],"about":[{"href":"https:\/\/blogsaverroes.juntadeandalucia.es\/ceipvr\/wp-json\/wp\/v2\/types\/post"}],"author":[{"embeddable":true,"href":"https:\/\/blogsaverroes.juntadeandalucia.es\/ceipvr\/wp-json\/wp\/v2\/users\/10667"}],"replies":[{"embeddable":true,"href":"https:\/\/blogsaverroes.juntadeandalucia.es\/ceipvr\/wp-json\/wp\/v2\/comments?post=4888"}],"version-history":[{"count":2,"href":"https:\/\/blogsaverroes.juntadeandalucia.es\/ceipvr\/wp-json\/wp\/v2\/posts\/4888\/revisions"}],"predecessor-version":[{"id":5259,"href":"https:\/\/blogsaverroes.juntadeandalucia.es\/ceipvr\/wp-json\/wp\/v2\/posts\/4888\/revisions\/5259"}],"wp:attachment":[{"href":"https:\/\/blogsaverroes.juntadeandalucia.es\/ceipvr\/wp-json\/wp\/v2\/media?parent=4888"}],"wp:term":[{"taxonomy":"category","embeddable":true,"href":"https:\/\/blogsaverroes.juntadeandalucia.es\/ceipvr\/wp-json\/wp\/v2\/categories?post=4888"},{"taxonomy":"post_tag","embeddable":true,"href":"https:\/\/blogsaverroes.juntadeandalucia.es\/ceipvr\/wp-json\/wp\/v2\/tags?post=4888"}],"curies":[{"name":"wp","href":"https:\/\/api.w.org\/{rel}","templated":true}]}}