{"id":6139,"date":"2024-04-24T18:32:05","date_gmt":"2024-04-24T18:32:05","guid":{"rendered":"https:\/\/blogsaverroes.juntadeandalucia.es\/ceipvr\/?p=6139"},"modified":"2024-04-24T18:32:05","modified_gmt":"2024-04-24T18:32:05","slug":"pinta-y-cuenta-cuentos","status":"publish","type":"post","link":"https:\/\/blogsaverroes.juntadeandalucia.es\/ceipvr\/pinta-y-cuenta-cuentos\/","title":{"rendered":"PINTA Y CUENTA CUENTOS"},"content":{"rendered":"<div class=\"\" dir=\"auto\">\n<div id=\":Raleldakql9aqqd9emhpapd5aqH2:\" class=\"x1iorvi4 x1pi30zi x1l90r2v x1swvt13\" data-ad-comet-preview=\"message\" data-ad-preview=\"message\">\n<div class=\"x78zum5 xdt5ytf xz62fqu x16ldp7u\">\n<div class=\"xu06os2 x1ok221b\">\n<div class=\"xdj266r x11i5rnm xat24cr x1mh8g0r x1vvkbs x126k92a\">\n<div dir=\"auto\"><a href=\"https:\/\/blogsaverroes.juntadeandalucia.es\/ceipvr\/files\/2024\/04\/IMG_4883.jpg\"><img fetchpriority=\"high\" decoding=\"async\" class=\"size-medium wp-image-6191 alignleft\" src=\"https:\/\/blogsaverroes.juntadeandalucia.es\/ceipvr\/files\/2024\/04\/IMG_4883-300x225.jpg\" alt=\"\" width=\"300\" height=\"225\" srcset=\"https:\/\/blogsaverroes.juntadeandalucia.es\/ceipvr\/files\/2024\/04\/IMG_4883-300x225.jpg 300w, https:\/\/blogsaverroes.juntadeandalucia.es\/ceipvr\/files\/2024\/04\/IMG_4883-1024x768.jpg 1024w, https:\/\/blogsaverroes.juntadeandalucia.es\/ceipvr\/files\/2024\/04\/IMG_4883-768x576.jpg 768w, https:\/\/blogsaverroes.juntadeandalucia.es\/ceipvr\/files\/2024\/04\/IMG_4883-1536x1152.jpg 1536w, https:\/\/blogsaverroes.juntadeandalucia.es\/ceipvr\/files\/2024\/04\/IMG_4883-2048x1536.jpg 2048w, https:\/\/blogsaverroes.juntadeandalucia.es\/ceipvr\/files\/2024\/04\/IMG_4883.jpg 1600w\" sizes=\"(max-width: 300px) 100vw, 300px\" \/><\/a>Por tercer a\u00f1o consecutivo, realizamos nuestro apadrinamiento lector, para la celebraci\u00f3n del D\u00eda del Libro. Actividad altamente motivadora, de ocio y disfrute para nuestro alumnado. Por eso seguimos repiti\u00e9ndola: la importancia de escuchar al ni\u00f1o.<\/div>\n<div dir=\"auto\">&nbsp;<\/div>\n<div dir=\"auto\">Participan todos los niveles y con car\u00e1cter transversal. Consiste en que alumnos\/as de cursos superiores (de 3\u00ba a 6\u00ba) se constituyan en padrinos\/madrinas de los de cursos inferiores (de infantil 3 a\u00f1os a 2\u00ba) para compartir momentos de lectura al aire libre.<\/div>\n<div dir=\"auto\">&nbsp;<\/div>\n<div dir=\"auto\">A trav\u00e9s de la lectura se contribuye a su fortalecimiento emocional y a superar sus miedos y mejorar el rendimiento escolar.<\/div>\n<div dir=\"auto\">&nbsp;<\/div>\n<div dir=\"auto\">Pero adem\u00e1s, todos juntos, usamos el suelo a modo de gran &#8220;papel&#8221; y hacemos la representaci\u00f3n gr\u00e1fica de lo que m\u00e1s nos ha gustado del libro compartido.<\/div>\n<div dir=\"auto\">&nbsp;<\/div>\n<div dir=\"auto\">Para ver m\u00e1s fotos visita la <a href=\"https:\/\/blogsaverroes.juntadeandalucia.es\/ceipvr\/curso-23-24\/\">GALER\u00cdA <\/a>de esta p\u00e1gina web.<\/div>\n<div dir=\"auto\">\u00a1Feliz d\u00eda del libro!<\/div>\n<\/div>\n<\/div>\n<\/div>\n<\/div>\n<\/div>\n","protected":false},"excerpt":{"rendered":"<p>Por tercer a\u00f1o consecutivo, realizamos nuestro apadrinamiento lector, para la celebraci\u00f3n del D\u00eda del Libro. Actividad altamente motivadora, de ocio y disfrute para nuestro alumnado. Por eso seguimos repiti\u00e9ndola: la importancia de escuchar al ni\u00f1o. &nbsp; Participan todos los niveles y con car\u00e1cter transversal. Consiste&#46;&#46;&#46;<\/p>\n","protected":false},"author":10667,"featured_media":0,"comment_status":"open","ping_status":"open","sticky":false,"template":"","format":"standard","meta":{"ngg_post_thumbnail":0,"footnotes":""},"categories":[784,26636,11909],"tags":[],"aioseo_notices":[],"_links":{"self":[{"href":"https:\/\/blogsaverroes.juntadeandalucia.es\/ceipvr\/wp-json\/wp\/v2\/posts\/6139"}],"collection":[{"href":"https:\/\/blogsaverroes.juntadeandalucia.es\/ceipvr\/wp-json\/wp\/v2\/posts"}],"about":[{"href":"https:\/\/blogsaverroes.juntadeandalucia.es\/ceipvr\/wp-json\/wp\/v2\/types\/post"}],"author":[{"embeddable":true,"href":"https:\/\/blogsaverroes.juntadeandalucia.es\/ceipvr\/wp-json\/wp\/v2\/users\/10667"}],"replies":[{"embeddable":true,"href":"https:\/\/blogsaverroes.juntadeandalucia.es\/ceipvr\/wp-json\/wp\/v2\/comments?post=6139"}],"version-history":[{"count":4,"href":"https:\/\/blogsaverroes.juntadeandalucia.es\/ceipvr\/wp-json\/wp\/v2\/posts\/6139\/revisions"}],"predecessor-version":[{"id":6194,"href":"https:\/\/blogsaverroes.juntadeandalucia.es\/ceipvr\/wp-json\/wp\/v2\/posts\/6139\/revisions\/6194"}],"wp:attachment":[{"href":"https:\/\/blogsaverroes.juntadeandalucia.es\/ceipvr\/wp-json\/wp\/v2\/media?parent=6139"}],"wp:term":[{"taxonomy":"category","embeddable":true,"href":"https:\/\/blogsaverroes.juntadeandalucia.es\/ceipvr\/wp-json\/wp\/v2\/categories?post=6139"},{"taxonomy":"post_tag","embeddable":true,"href":"https:\/\/blogsaverroes.juntadeandalucia.es\/ceipvr\/wp-json\/wp\/v2\/tags?post=6139"}],"curies":[{"name":"wp","href":"https:\/\/api.w.org\/{rel}","templated":true}]}}