{"id":6260,"date":"2024-05-20T20:44:25","date_gmt":"2024-05-20T20:44:25","guid":{"rendered":"https:\/\/blogsaverroes.juntadeandalucia.es\/ceipvr\/?p=6260"},"modified":"2024-05-20T20:44:25","modified_gmt":"2024-05-20T20:44:25","slug":"merienda-de-convivencia","status":"publish","type":"post","link":"https:\/\/blogsaverroes.juntadeandalucia.es\/ceipvr\/merienda-de-convivencia\/","title":{"rendered":"MERIENDA DE CONVIVENCIA"},"content":{"rendered":"<p><a href=\"https:\/\/blogsaverroes.juntadeandalucia.es\/ceipvr\/files\/2024\/05\/IMG_5340.jpg\"><img decoding=\"async\" class=\"size-medium wp-image-6262 alignleft\" src=\"https:\/\/blogsaverroes.juntadeandalucia.es\/ceipvr\/files\/2024\/05\/IMG_5340-300x146.jpg\" alt=\"\" width=\"300\" height=\"146\" srcset=\"https:\/\/blogsaverroes.juntadeandalucia.es\/ceipvr\/files\/2024\/05\/IMG_5340-300x146.jpg 300w, https:\/\/blogsaverroes.juntadeandalucia.es\/ceipvr\/files\/2024\/05\/IMG_5340-1024x498.jpg 1024w, https:\/\/blogsaverroes.juntadeandalucia.es\/ceipvr\/files\/2024\/05\/IMG_5340-768x373.jpg 768w, https:\/\/blogsaverroes.juntadeandalucia.es\/ceipvr\/files\/2024\/05\/IMG_5340-1536x747.jpg 1536w, https:\/\/blogsaverroes.juntadeandalucia.es\/ceipvr\/files\/2024\/05\/IMG_5340-2048x996.jpg 2048w, https:\/\/blogsaverroes.juntadeandalucia.es\/ceipvr\/files\/2024\/05\/IMG_5340.jpg 1600w\" sizes=\"(max-width: 300px) 100vw, 300px\" \/><\/a>Hoy hemos comenzado en el centro con nuestra Semana Cultural. Por la ma\u00f1ana han empezado los primeros talleres y por la tarde hemos desarrollado la merienda con nuestras familias y antiguos alumnos. Un momento para el encuentro de toda la comunidad educativa en torno a los alimentos de las diferentes culturas que forman nuestro centro.<\/p>\n<p>All\u00ed tambi\u00e9n la nueva Asociaci\u00f3n de Madres y Padres ha comenzado a promocionar su labor de cara al pr\u00f3ximo curso solicitando la participaci\u00f3n de todos.<\/p>\n<p>Agradecer desde el centro la colaboraci\u00f3n de las madres que han estado ayudando a las maestras en el reparto del alimento y por supuesto a todos los que han aportado sus espectaculares platos de comida. \u00a1\u00a1\u00a1ENHORABUENA a todos!!!<\/p>\n<p><a href=\"https:\/\/blogsaverroes.juntadeandalucia.es\/ceipvr\/files\/2024\/05\/collage.png\"><img fetchpriority=\"high\" decoding=\"async\" class=\"aligncenter size-medium wp-image-6261\" src=\"https:\/\/blogsaverroes.juntadeandalucia.es\/ceipvr\/files\/2024\/05\/collage-300x300.png\" alt=\"\" width=\"300\" height=\"300\" srcset=\"https:\/\/blogsaverroes.juntadeandalucia.es\/ceipvr\/files\/2024\/05\/collage-300x300.png 300w, https:\/\/blogsaverroes.juntadeandalucia.es\/ceipvr\/files\/2024\/05\/collage-150x150.png 150w, https:\/\/blogsaverroes.juntadeandalucia.es\/ceipvr\/files\/2024\/05\/collage-768x768.png 768w, https:\/\/blogsaverroes.juntadeandalucia.es\/ceipvr\/files\/2024\/05\/collage-80x80.png 80w, https:\/\/blogsaverroes.juntadeandalucia.es\/ceipvr\/files\/2024\/05\/collage-320x320.png 320w, https:\/\/blogsaverroes.juntadeandalucia.es\/ceipvr\/files\/2024\/05\/collage.png 800w\" sizes=\"(max-width: 300px) 100vw, 300px\" \/><\/a><\/p>\n","protected":false},"excerpt":{"rendered":"<p>Hoy hemos comenzado en el centro con nuestra Semana Cultural. Por la ma\u00f1ana han empezado los primeros talleres y por la tarde hemos desarrollado la merienda con nuestras familias y antiguos alumnos. Un momento para el encuentro de toda la comunidad educativa en torno a&#46;&#46;&#46;<\/p>\n","protected":false},"author":10667,"featured_media":0,"comment_status":"open","ping_status":"open","sticky":false,"template":"","format":"standard","meta":{"ngg_post_thumbnail":0,"footnotes":""},"categories":[26636,4956],"tags":[],"aioseo_notices":[],"_links":{"self":[{"href":"https:\/\/blogsaverroes.juntadeandalucia.es\/ceipvr\/wp-json\/wp\/v2\/posts\/6260"}],"collection":[{"href":"https:\/\/blogsaverroes.juntadeandalucia.es\/ceipvr\/wp-json\/wp\/v2\/posts"}],"about":[{"href":"https:\/\/blogsaverroes.juntadeandalucia.es\/ceipvr\/wp-json\/wp\/v2\/types\/post"}],"author":[{"embeddable":true,"href":"https:\/\/blogsaverroes.juntadeandalucia.es\/ceipvr\/wp-json\/wp\/v2\/users\/10667"}],"replies":[{"embeddable":true,"href":"https:\/\/blogsaverroes.juntadeandalucia.es\/ceipvr\/wp-json\/wp\/v2\/comments?post=6260"}],"version-history":[{"count":1,"href":"https:\/\/blogsaverroes.juntadeandalucia.es\/ceipvr\/wp-json\/wp\/v2\/posts\/6260\/revisions"}],"predecessor-version":[{"id":6263,"href":"https:\/\/blogsaverroes.juntadeandalucia.es\/ceipvr\/wp-json\/wp\/v2\/posts\/6260\/revisions\/6263"}],"wp:attachment":[{"href":"https:\/\/blogsaverroes.juntadeandalucia.es\/ceipvr\/wp-json\/wp\/v2\/media?parent=6260"}],"wp:term":[{"taxonomy":"category","embeddable":true,"href":"https:\/\/blogsaverroes.juntadeandalucia.es\/ceipvr\/wp-json\/wp\/v2\/categories?post=6260"},{"taxonomy":"post_tag","embeddable":true,"href":"https:\/\/blogsaverroes.juntadeandalucia.es\/ceipvr\/wp-json\/wp\/v2\/tags?post=6260"}],"curies":[{"name":"wp","href":"https:\/\/api.w.org\/{rel}","templated":true}]}}