{"id":7469,"date":"2025-03-28T17:09:29","date_gmt":"2025-03-28T17:09:29","guid":{"rendered":"https:\/\/blogsaverroes.juntadeandalucia.es\/ceipvr\/?p=7469"},"modified":"2025-03-28T17:09:29","modified_gmt":"2025-03-28T17:09:29","slug":"final-del-proceso-de-escolarizacion","status":"publish","type":"post","link":"https:\/\/blogsaverroes.juntadeandalucia.es\/ceipvr\/final-del-proceso-de-escolarizacion\/","title":{"rendered":"FINAL DEL PROCESO DE ESCOLARIZACI\u00d3N"},"content":{"rendered":"<p><strong><a href=\"https:\/\/blogsaverroes.juntadeandalucia.es\/ceipvr\/escolarizacion\/\"><img fetchpriority=\"high\" decoding=\"async\" class=\"size-medium wp-image-7260 alignleft\" src=\"https:\/\/blogsaverroes.juntadeandalucia.es\/ceipvr\/files\/2025\/02\/Escolarizacion-1-300x167.jpg\" alt=\"\" width=\"300\" height=\"167\" srcset=\"https:\/\/blogsaverroes.juntadeandalucia.es\/ceipvr\/files\/2025\/02\/Escolarizacion-1-300x167.jpg 300w, https:\/\/blogsaverroes.juntadeandalucia.es\/ceipvr\/files\/2025\/02\/Escolarizacion-1-768x427.jpg 768w, https:\/\/blogsaverroes.juntadeandalucia.es\/ceipvr\/files\/2025\/02\/Escolarizacion-1.jpg 800w\" sizes=\"(max-width: 300px) 100vw, 300px\" \/><\/a>Desde el 1 al 31 de marzo<\/strong> est\u00e1 abierto el plazo para solicitar la admisi\u00f3n de alumnado nuevo para el pr\u00f3ximo curso 2025\/26.&nbsp;<\/p>\n<p>Deben hacerlo :&nbsp;<\/p>\n<div class=\"inner_cuerpo\">\n<ul>\n<li>Todos los alumnos\/as nacidos en el a\u00f1o 2022 y quieran&nbsp; comenzar en infantil de 3 a\u00f1os en nuestro centro.<\/li>\n<li>Todo el alumnado que quiera cambiar de centro para el pr\u00f3ximo curso.<\/li>\n<\/ul>\n<p>Quedan pocos d\u00edas pero a\u00fan se puede realizar:<\/p>\n<ol>\n<li>Telem\u00e1ticamente (lo m\u00e1s recomendable) en este <a href=\"https:\/\/www.juntadeandalucia.es\/educacion\/secretariavirtual\/accesoTramite\/543\/\">ENLACE<\/a>.<\/li>\n<li>De forma presencial y solo queda el lunes, d\u00eda 31 de marzo.<\/li>\n<\/ol>\n<p>M\u00e1s informaci\u00f3n en esta p\u00e1gina web en el apartado de <a href=\"https:\/\/blogsaverroes.juntadeandalucia.es\/ceipvr\/escolarizacion\/\">ESCOLARIZACI\u00d3N<\/a>.<\/p>\n<\/div>\n","protected":false},"excerpt":{"rendered":"<p>Desde el 1 al 31 de marzo est\u00e1 abierto el plazo para solicitar la admisi\u00f3n de alumnado nuevo para el pr\u00f3ximo curso 2025\/26.&nbsp; Deben hacerlo :&nbsp; Todos los alumnos\/as nacidos en el a\u00f1o 2022 y quieran&nbsp; comenzar en infantil de 3 a\u00f1os en nuestro centro.&#46;&#46;&#46;<\/p>\n","protected":false},"author":10667,"featured_media":0,"comment_status":"open","ping_status":"open","sticky":false,"template":"","format":"standard","meta":{"ngg_post_thumbnail":0,"footnotes":""},"categories":[26636],"tags":[],"aioseo_notices":[],"_links":{"self":[{"href":"https:\/\/blogsaverroes.juntadeandalucia.es\/ceipvr\/wp-json\/wp\/v2\/posts\/7469"}],"collection":[{"href":"https:\/\/blogsaverroes.juntadeandalucia.es\/ceipvr\/wp-json\/wp\/v2\/posts"}],"about":[{"href":"https:\/\/blogsaverroes.juntadeandalucia.es\/ceipvr\/wp-json\/wp\/v2\/types\/post"}],"author":[{"embeddable":true,"href":"https:\/\/blogsaverroes.juntadeandalucia.es\/ceipvr\/wp-json\/wp\/v2\/users\/10667"}],"replies":[{"embeddable":true,"href":"https:\/\/blogsaverroes.juntadeandalucia.es\/ceipvr\/wp-json\/wp\/v2\/comments?post=7469"}],"version-history":[{"count":1,"href":"https:\/\/blogsaverroes.juntadeandalucia.es\/ceipvr\/wp-json\/wp\/v2\/posts\/7469\/revisions"}],"predecessor-version":[{"id":7470,"href":"https:\/\/blogsaverroes.juntadeandalucia.es\/ceipvr\/wp-json\/wp\/v2\/posts\/7469\/revisions\/7470"}],"wp:attachment":[{"href":"https:\/\/blogsaverroes.juntadeandalucia.es\/ceipvr\/wp-json\/wp\/v2\/media?parent=7469"}],"wp:term":[{"taxonomy":"category","embeddable":true,"href":"https:\/\/blogsaverroes.juntadeandalucia.es\/ceipvr\/wp-json\/wp\/v2\/categories?post=7469"},{"taxonomy":"post_tag","embeddable":true,"href":"https:\/\/blogsaverroes.juntadeandalucia.es\/ceipvr\/wp-json\/wp\/v2\/tags?post=7469"}],"curies":[{"name":"wp","href":"https:\/\/api.w.org\/{rel}","templated":true}]}}