{"id":7975,"date":"2025-11-18T19:58:40","date_gmt":"2025-11-18T19:58:40","guid":{"rendered":"https:\/\/blogsaverroes.juntadeandalucia.es\/ceipvr\/?p=7975"},"modified":"2025-11-18T19:58:40","modified_gmt":"2025-11-18T19:58:40","slug":"dia-del-flamenco-3","status":"publish","type":"post","link":"https:\/\/blogsaverroes.juntadeandalucia.es\/ceipvr\/dia-del-flamenco-3\/","title":{"rendered":"D\u00cdA DEL FLAMENCO"},"content":{"rendered":"<p><a href=\"https:\/\/blogsaverroes.juntadeandalucia.es\/ceipvr\/curso-2025-2026\/\"><img fetchpriority=\"high\" decoding=\"async\" class=\"size-medium wp-image-7976 alignleft\" src=\"https:\/\/blogsaverroes.juntadeandalucia.es\/ceipvr\/files\/2025\/11\/IMG_20251114_125109-300x225.jpg\" alt=\"\" width=\"300\" height=\"225\" srcset=\"https:\/\/blogsaverroes.juntadeandalucia.es\/ceipvr\/files\/2025\/11\/IMG_20251114_125109-300x225.jpg 300w, https:\/\/blogsaverroes.juntadeandalucia.es\/ceipvr\/files\/2025\/11\/IMG_20251114_125109-1024x768.jpg 1024w, https:\/\/blogsaverroes.juntadeandalucia.es\/ceipvr\/files\/2025\/11\/IMG_20251114_125109-768x576.jpg 768w, https:\/\/blogsaverroes.juntadeandalucia.es\/ceipvr\/files\/2025\/11\/IMG_20251114_125109-1536x1152.jpg 1536w, https:\/\/blogsaverroes.juntadeandalucia.es\/ceipvr\/files\/2025\/11\/IMG_20251114_125109-2048x1536.jpg 2048w, https:\/\/blogsaverroes.juntadeandalucia.es\/ceipvr\/files\/2025\/11\/IMG_20251114_125109.jpg 1600w\" sizes=\"(max-width: 300px) 100vw, 300px\" \/><\/a>El pasado 14 de noviembre celebr\u00e1bamos en el CEIP Virgen del Rosario el D\u00eda del Flamenco (declarado Patrimonio Cultural Inmaterial de la Humanidad por la UNESCO en el a\u00f1o 2010) con diferentes actividades y manualidades. Algunos alumnos vinieron vestidos con traje t\u00edpico y no falt\u00f3 un concurso de abanicos. Todo un espect\u00e1culo con mucho arte.<\/p>\n<p>Todas las fotos las ten\u00e9is en la <a href=\"https:\/\/blogsaverroes.juntadeandalucia.es\/ceipvr\/curso-2025-2026\/\">GALER\u00cdA<\/a> de esta web.<\/p>\n","protected":false},"excerpt":{"rendered":"<p>El pasado 14 de noviembre celebr\u00e1bamos en el CEIP Virgen del Rosario el D\u00eda del Flamenco (declarado Patrimonio Cultural Inmaterial de la Humanidad por la UNESCO en el a\u00f1o 2010) con diferentes actividades y manualidades. Algunos alumnos vinieron vestidos con traje t\u00edpico y no falt\u00f3&#46;&#46;&#46;<\/p>\n","protected":false},"author":10667,"featured_media":0,"comment_status":"open","ping_status":"open","sticky":false,"template":"","format":"standard","meta":{"ngg_post_thumbnail":0,"footnotes":""},"categories":[784,26636],"tags":[],"aioseo_notices":[],"_links":{"self":[{"href":"https:\/\/blogsaverroes.juntadeandalucia.es\/ceipvr\/wp-json\/wp\/v2\/posts\/7975"}],"collection":[{"href":"https:\/\/blogsaverroes.juntadeandalucia.es\/ceipvr\/wp-json\/wp\/v2\/posts"}],"about":[{"href":"https:\/\/blogsaverroes.juntadeandalucia.es\/ceipvr\/wp-json\/wp\/v2\/types\/post"}],"author":[{"embeddable":true,"href":"https:\/\/blogsaverroes.juntadeandalucia.es\/ceipvr\/wp-json\/wp\/v2\/users\/10667"}],"replies":[{"embeddable":true,"href":"https:\/\/blogsaverroes.juntadeandalucia.es\/ceipvr\/wp-json\/wp\/v2\/comments?post=7975"}],"version-history":[{"count":2,"href":"https:\/\/blogsaverroes.juntadeandalucia.es\/ceipvr\/wp-json\/wp\/v2\/posts\/7975\/revisions"}],"predecessor-version":[{"id":8009,"href":"https:\/\/blogsaverroes.juntadeandalucia.es\/ceipvr\/wp-json\/wp\/v2\/posts\/7975\/revisions\/8009"}],"wp:attachment":[{"href":"https:\/\/blogsaverroes.juntadeandalucia.es\/ceipvr\/wp-json\/wp\/v2\/media?parent=7975"}],"wp:term":[{"taxonomy":"category","embeddable":true,"href":"https:\/\/blogsaverroes.juntadeandalucia.es\/ceipvr\/wp-json\/wp\/v2\/categories?post=7975"},{"taxonomy":"post_tag","embeddable":true,"href":"https:\/\/blogsaverroes.juntadeandalucia.es\/ceipvr\/wp-json\/wp\/v2\/tags?post=7975"}],"curies":[{"name":"wp","href":"https:\/\/api.w.org\/{rel}","templated":true}]}}