{"id":8229,"date":"2025-12-19T15:56:00","date_gmt":"2025-12-19T15:56:00","guid":{"rendered":"https:\/\/blogsaverroes.juntadeandalucia.es\/ceipvr\/?p=8229"},"modified":"2025-12-19T15:56:00","modified_gmt":"2025-12-19T15:56:00","slug":"concurso-literario-de-navidad","status":"publish","type":"post","link":"https:\/\/blogsaverroes.juntadeandalucia.es\/ceipvr\/concurso-literario-de-navidad\/","title":{"rendered":"CONCURSO LITERARIO DE NAVIDAD"},"content":{"rendered":"<p><a href=\"https:\/\/blogsaverroes.juntadeandalucia.es\/ceipvr\/files\/2025\/12\/WhatsApp-Image-2025-12-19-at-14.38.29-1.jpeg\"><img fetchpriority=\"high\" decoding=\"async\" class=\"size-medium wp-image-8230 alignleft\" src=\"https:\/\/blogsaverroes.juntadeandalucia.es\/ceipvr\/files\/2025\/12\/WhatsApp-Image-2025-12-19-at-14.38.29-1-300x225.jpeg\" alt=\"\" width=\"300\" height=\"225\" srcset=\"https:\/\/blogsaverroes.juntadeandalucia.es\/ceipvr\/files\/2025\/12\/WhatsApp-Image-2025-12-19-at-14.38.29-1-300x225.jpeg 300w, https:\/\/blogsaverroes.juntadeandalucia.es\/ceipvr\/files\/2025\/12\/WhatsApp-Image-2025-12-19-at-14.38.29-1-1024x768.jpeg 1024w, https:\/\/blogsaverroes.juntadeandalucia.es\/ceipvr\/files\/2025\/12\/WhatsApp-Image-2025-12-19-at-14.38.29-1-768x576.jpeg 768w, https:\/\/blogsaverroes.juntadeandalucia.es\/ceipvr\/files\/2025\/12\/WhatsApp-Image-2025-12-19-at-14.38.29-1-1536x1152.jpeg 1536w, https:\/\/blogsaverroes.juntadeandalucia.es\/ceipvr\/files\/2025\/12\/WhatsApp-Image-2025-12-19-at-14.38.29-1.jpeg 1600w\" sizes=\"(max-width: 300px) 100vw, 300px\" \/><\/a>Desde el Plan de Bibliotecas se ha realizado durante el mes de diciembre un Concurso Literario Navide\u00f1o en el que ha participado el alumnado de segundo a sexto.&nbsp; Se trataba de realizar un texto descriptivo con tem\u00e1tica propia de esta \u00e9poca del a\u00f1o. En los proyecto presentados se ha podido ver el esfuerzo y el esmero con el que se han empleado nuestros j\u00f3venes talentos. Desde la biblioteca del centro se ha premiado a los ganadores y se ha dado un recuerdo navide\u00f1o para todos los participantes.<a href=\"https:\/\/blogsaverroes.juntadeandalucia.es\/ceipvr\/files\/2025\/12\/WhatsApp-Image-2025-12-19-at-14.38.29-2.jpeg\"><img decoding=\"async\" class=\"size-medium wp-image-8231 aligncenter\" src=\"https:\/\/blogsaverroes.juntadeandalucia.es\/ceipvr\/files\/2025\/12\/WhatsApp-Image-2025-12-19-at-14.38.29-2-300x225.jpeg\" alt=\"\" width=\"300\" height=\"225\" srcset=\"https:\/\/blogsaverroes.juntadeandalucia.es\/ceipvr\/files\/2025\/12\/WhatsApp-Image-2025-12-19-at-14.38.29-2-300x225.jpeg 300w, https:\/\/blogsaverroes.juntadeandalucia.es\/ceipvr\/files\/2025\/12\/WhatsApp-Image-2025-12-19-at-14.38.29-2-1024x768.jpeg 1024w, https:\/\/blogsaverroes.juntadeandalucia.es\/ceipvr\/files\/2025\/12\/WhatsApp-Image-2025-12-19-at-14.38.29-2-768x576.jpeg 768w, https:\/\/blogsaverroes.juntadeandalucia.es\/ceipvr\/files\/2025\/12\/WhatsApp-Image-2025-12-19-at-14.38.29-2-1536x1152.jpeg 1536w, https:\/\/blogsaverroes.juntadeandalucia.es\/ceipvr\/files\/2025\/12\/WhatsApp-Image-2025-12-19-at-14.38.29-2.jpeg 1600w\" sizes=\"(max-width: 300px) 100vw, 300px\" \/><\/a><\/p>\n","protected":false},"excerpt":{"rendered":"<p>Desde el Plan de Bibliotecas se ha realizado durante el mes de diciembre un Concurso Literario Navide\u00f1o en el que ha participado el alumnado de segundo a sexto.&nbsp; Se trataba de realizar un texto descriptivo con tem\u00e1tica propia de esta \u00e9poca del a\u00f1o. En los&#46;&#46;&#46;<\/p>\n","protected":false},"author":10667,"featured_media":0,"comment_status":"open","ping_status":"open","sticky":false,"template":"","format":"standard","meta":{"ngg_post_thumbnail":0,"footnotes":""},"categories":[784,26636],"tags":[],"aioseo_notices":[],"_links":{"self":[{"href":"https:\/\/blogsaverroes.juntadeandalucia.es\/ceipvr\/wp-json\/wp\/v2\/posts\/8229"}],"collection":[{"href":"https:\/\/blogsaverroes.juntadeandalucia.es\/ceipvr\/wp-json\/wp\/v2\/posts"}],"about":[{"href":"https:\/\/blogsaverroes.juntadeandalucia.es\/ceipvr\/wp-json\/wp\/v2\/types\/post"}],"author":[{"embeddable":true,"href":"https:\/\/blogsaverroes.juntadeandalucia.es\/ceipvr\/wp-json\/wp\/v2\/users\/10667"}],"replies":[{"embeddable":true,"href":"https:\/\/blogsaverroes.juntadeandalucia.es\/ceipvr\/wp-json\/wp\/v2\/comments?post=8229"}],"version-history":[{"count":2,"href":"https:\/\/blogsaverroes.juntadeandalucia.es\/ceipvr\/wp-json\/wp\/v2\/posts\/8229\/revisions"}],"predecessor-version":[{"id":8233,"href":"https:\/\/blogsaverroes.juntadeandalucia.es\/ceipvr\/wp-json\/wp\/v2\/posts\/8229\/revisions\/8233"}],"wp:attachment":[{"href":"https:\/\/blogsaverroes.juntadeandalucia.es\/ceipvr\/wp-json\/wp\/v2\/media?parent=8229"}],"wp:term":[{"taxonomy":"category","embeddable":true,"href":"https:\/\/blogsaverroes.juntadeandalucia.es\/ceipvr\/wp-json\/wp\/v2\/categories?post=8229"},{"taxonomy":"post_tag","embeddable":true,"href":"https:\/\/blogsaverroes.juntadeandalucia.es\/ceipvr\/wp-json\/wp\/v2\/tags?post=8229"}],"curies":[{"name":"wp","href":"https:\/\/api.w.org\/{rel}","templated":true}]}}