{"id":1555,"date":"2024-04-10T11:33:01","date_gmt":"2024-04-10T10:33:01","guid":{"rendered":"https:\/\/blogsaverroes.juntadeandalucia.es\/cemantoniolopezserrano\/?p=1555"},"modified":"2024-04-10T12:02:23","modified_gmt":"2024-04-10T11:02:23","slug":"semana-de-primavera","status":"publish","type":"post","link":"https:\/\/blogsaverroes.juntadeandalucia.es\/cemantoniolopezserrano\/semana-de-primavera\/","title":{"rendered":"Semana de Primavera"},"content":{"rendered":"<p><strong>\u00a1Celebra la Primavera con M\u00fasica en Nuestro Conservatorio!<\/strong><\/p>\n<p>Nos complace invitarte a participar en la emocionante <strong>Semana de Primavera<\/strong> de nuestro conservatorio, un evento lleno de m\u00fasica, aprendizaje y comunidad. Este a\u00f1o, tenemos el placer de ofrecer dos talleres muy especiales:<\/p>\n<p><strong>Taller de Iniciaci\u00f3n al Jazz y la Improvisaci\u00f3n con \u00c1ngel Blanco &#8220;Latino&#8221; <\/strong>Aprende las bases de la improvisaci\u00f3n y c\u00f3mo expresarte a trav\u00e9s de este g\u00e9nero lleno de libertad y emoci\u00f3n. Ideal para m\u00fasicos de cualquier nivel que deseen explorar nuevos horizontes musicales.<\/p>\n<p><img loading=\"lazy\" decoding=\"async\" class=\"alignnone wp-image-1557\" src=\"https:\/\/blogsaverroes.juntadeandalucia.es\/cemantoniolopezserrano\/files\/2024\/04\/WhatsApp-Image-2024-04-10-at-12.08.04-212x300.jpeg\" alt=\"\" width=\"204\" height=\"289\"><\/p>\n<p><strong>Taller de Guitarra Flamenca a cargo de Pilar Alonso<\/strong>&nbsp;Descubre la pasi\u00f3n y el duende del flamenco. Este taller est\u00e1 dise\u00f1ado para introducirte en las t\u00e9cnicas, ritmos y emociones que hacen \u00fanico a este estilo. Apto para guitarristas de todos los niveles que busquen profundizar en el arte flamenco.<\/p>\n<p><img loading=\"lazy\" decoding=\"async\" class=\"alignnone wp-image-1556\" src=\"https:\/\/blogsaverroes.juntadeandalucia.es\/cemantoniolopezserrano\/files\/2024\/04\/WhatsApp-Image-2024-04-05-at-13.40.20-120x300.jpeg\" alt=\"\" width=\"116\" height=\"290\"><\/p>\n<p><strong>Fecha:<\/strong> viernes 19 y s\u00e1bado 20 (abril de 2024)<br \/>\n<strong>Ubicaci\u00f3n:<\/strong> Teatro Victoria de Priego de C\u00f3rdoba<br \/>\n<strong>Inscripci\u00f3n:<\/strong> Dirigido al alumnado del centro y posible apertura de plazas (seg\u00fan disponibilidad)<\/p>\n<p><strong>Plazo de Inscripci\u00f3n:<\/strong> del d\u00eda 8 al 17 de abril de 2024<\/p>\n<p>No pierdas la oportunidad de crecer como m\u00fasico y ser parte de nuestra comunidad. \u00a1Esperamos verte en la Semana de Primavera y compartir juntos la alegr\u00eda de la m\u00fasica!<\/p>\n<p><strong>\u00a1\u00danete a nosotros y da la bienvenida a la primavera con m\u00fasica!<\/strong><\/p>\n","protected":false},"excerpt":{"rendered":"<p>\u00a1Celebra la Primavera con M\u00fasica en Nuestro Conservatorio! Nos complace invitarte a participar en la emocionante Semana de Primavera de nuestro conservatorio, un evento lleno de m\u00fasica, aprendizaje y comunidad. Este a\u00f1o, tenemos el placer de ofrecer dos talleres muy especiales: Taller de Iniciaci\u00f3n al Jazz y la Improvisaci\u00f3n con \u00c1ngel Blanco &#8220;Latino&#8221; Aprende las [&hellip;]<\/p>\n","protected":false},"author":12231,"featured_media":1570,"comment_status":"closed","ping_status":"open","sticky":false,"template":"","format":"standard","meta":{"_et_pb_use_builder":"","_et_pb_old_content":"","_et_gb_content_width":"","ngg_post_thumbnail":0,"footnotes":""},"categories":[1],"tags":[],"aioseo_notices":[],"post_mailing_queue_ids":[],"_links":{"self":[{"href":"https:\/\/blogsaverroes.juntadeandalucia.es\/cemantoniolopezserrano\/wp-json\/wp\/v2\/posts\/1555"}],"collection":[{"href":"https:\/\/blogsaverroes.juntadeandalucia.es\/cemantoniolopezserrano\/wp-json\/wp\/v2\/posts"}],"about":[{"href":"https:\/\/blogsaverroes.juntadeandalucia.es\/cemantoniolopezserrano\/wp-json\/wp\/v2\/types\/post"}],"author":[{"embeddable":true,"href":"https:\/\/blogsaverroes.juntadeandalucia.es\/cemantoniolopezserrano\/wp-json\/wp\/v2\/users\/12231"}],"replies":[{"embeddable":true,"href":"https:\/\/blogsaverroes.juntadeandalucia.es\/cemantoniolopezserrano\/wp-json\/wp\/v2\/comments?post=1555"}],"version-history":[{"count":6,"href":"https:\/\/blogsaverroes.juntadeandalucia.es\/cemantoniolopezserrano\/wp-json\/wp\/v2\/posts\/1555\/revisions"}],"predecessor-version":[{"id":1571,"href":"https:\/\/blogsaverroes.juntadeandalucia.es\/cemantoniolopezserrano\/wp-json\/wp\/v2\/posts\/1555\/revisions\/1571"}],"wp:featuredmedia":[{"embeddable":true,"href":"https:\/\/blogsaverroes.juntadeandalucia.es\/cemantoniolopezserrano\/wp-json\/wp\/v2\/media\/1570"}],"wp:attachment":[{"href":"https:\/\/blogsaverroes.juntadeandalucia.es\/cemantoniolopezserrano\/wp-json\/wp\/v2\/media?parent=1555"}],"wp:term":[{"taxonomy":"category","embeddable":true,"href":"https:\/\/blogsaverroes.juntadeandalucia.es\/cemantoniolopezserrano\/wp-json\/wp\/v2\/categories?post=1555"},{"taxonomy":"post_tag","embeddable":true,"href":"https:\/\/blogsaverroes.juntadeandalucia.es\/cemantoniolopezserrano\/wp-json\/wp\/v2\/tags?post=1555"}],"curies":[{"name":"wp","href":"https:\/\/api.w.org\/{rel}","templated":true}]}}