{"id":1291,"date":"2021-05-02T14:17:26","date_gmt":"2021-05-02T14:17:26","guid":{"rendered":"https:\/\/blogsaverroes.juntadeandalucia.es\/cemdedoshermanas\/?p=1291"},"modified":"2021-06-29T17:04:44","modified_gmt":"2021-06-29T17:04:44","slug":"pruebas-de-aptitud-2020","status":"publish","type":"post","link":"https:\/\/blogsaverroes.juntadeandalucia.es\/cemdedoshermanas\/2021\/05\/02\/pruebas-de-aptitud-2020\/","title":{"rendered":"PRUEBAS DE APTITUD 2021-2022. Toda la informaci\u00f3n en los tablones del centro"},"content":{"rendered":"<p><span style=\"text-decoration: underline\"><span class=\"tm-timeline-date\" style=\"color: #333399\"><strong>CALENDARIO GENERAL<\/strong><\/span><\/span><\/p>\n<p><span class=\"tm-timeline-date\" style=\"color: #333399\"><strong>7 MAYO<\/strong> <\/span><\/p>\n<ul>\n<li>Publicaci\u00f3n del <strong>listado de admitidos y no admitidos<\/strong> a las pruebas de aptitud.<\/li>\n<li>Publicaci\u00f3n de las <strong>fechas y horarios<\/strong> concretos de realizaci\u00f3n de las pruebas.<\/li>\n<\/ul>\n<p><a href=\"https:\/\/blogsaverroes.juntadeandalucia.es\/cemdedoshermanas\/2020\/02\/17\/publicada-la-segunda-adjudicacion\/\"><span style=\"color: #ff0000\">ACTUALIZADO<\/span>.Contenido de la prueba.&nbsp;<\/a><\/p>\n<p>Los aspirantes deber\u00e1n presentar al profesorado encargado el DNI, carnet escolar, fotocopia del libro de familia, u otro documento que <u>acredite adecuadamente la identidad del aspirante<\/u><b>.&nbsp;<\/b>Una vez confirmada la identidad de los aspirantes,&nbsp; ser\u00e1n conducidos por un profesor\/a asistente al aula correspondiente.<\/p>\n<p><u>Cada aspirante deber\u00e1 acudir provisto\/a de su propia mascarilla<\/u>,<\/p>\n<ul>\n<li>Listado de admitidos para las pruebas de acceso a <strong>cursos distintos a primero<\/strong><\/li>\n<\/ul>\n<p>&nbsp;&nbsp;&nbsp;&nbsp; <a href=\"https:\/\/blogsaverroes.juntadeandalucia.es\/cemdedoshermanas\/2020\/02\/16\/inscripcion-a-otros-cursos-diferente-de-1o\/\">CONTENIDO Y FECHA DE LAS PRUEBAS DE CURSOS DISTINTOS DE 1\u00ba<\/a><\/p>\n<p><span style=\"color: #333399\"><strong><span class=\"tm-timeline-date\">10 MAYO<\/span><\/strong><\/span><\/p>\n<ul>\n<li>Celebraci\u00f3n del <strong>sorteo p\u00fablico<\/strong>&nbsp;en la Consejer\u00eda de Educaci\u00f3n (para la resoluci\u00f3n de los posibles empates).<\/li>\n<\/ul>\n<p><span style=\"color: #333399\"><strong><span class=\"tm-timeline-date\">24-27 MAYO<\/span><\/strong><\/span><\/p>\n<ul>\n<li><strong>Celebraci\u00f3n de las pruebas<\/strong> de aptitud.<\/li>\n<\/ul>\n<p><span style=\"color: #333399\"><strong><span class=\"tm-timeline-date\">8 JUNIO<\/span><\/strong><\/span><\/p>\n<ul>\n<li>Publicaci\u00f3n de las <strong>calificaciones provisionales<\/strong>.<\/li>\n<\/ul>\n<p><span style=\"color: #333399\"><strong><span class=\"tm-timeline-date\">9-10 JUNIO<\/span><\/strong><\/span><\/p>\n<ul>\n<li>Plazo de <strong>presentaci\u00f3n de reclamaciones<\/strong>&nbsp;a las calificaciones provisionales.<\/li>\n<\/ul>\n<p><span style=\"color: #333399\"><strong><span class=\"tm-timeline-date\">14 JUNIO<\/span> <\/strong><\/span>&nbsp;&nbsp;&nbsp;<\/p>\n<ul>\n<li><strong>Resoluci\u00f3n de las reclamaciones <\/strong>a las calificaciones.<\/li>\n<li>Publicaci\u00f3n de las&nbsp;<strong>calificaciones definitivas<\/strong>.<\/li>\n<li><strong>Certificado <\/strong>de publicaci\u00f3n de calificaciones definitivas.<\/li>\n<\/ul>\n<p><span style=\"color: #333399\"><strong><span class=\"tm-timeline-date\">15 JUNIO<\/span><\/strong><\/span><\/p>\n<ul>\n<li>Publicaci\u00f3n de la <strong>Resoluci\u00f3n de admisi\u00f3n<\/strong> del alumnado en 1\u00ba de EEBM <strong>(primera adjudicaci\u00f3n).<\/strong><\/li>\n<\/ul>\n<p>Deben buscar al aspirante en la p\u00e1gina de <b>CADA INSTRUMENTO SOLICITADO<\/b>. Seg\u00fan la edad y puntuaci\u00f3n de la prueba les aparecer\u00e1 lo siguiente:<\/p>\n<ol>\n<li>ALUMNADO ADMITIDO: Si aparece como MATR\u00cdCULA, es que ha sido admitido en el instrumento solicitado como 1\u00aa opci\u00f3n. Debe matricularse.<\/li>\n<li>ALUMNADO ADMITIDO: Si aparece como MATR\u00cdCULA o RESERVA, es que no ha sido admitido en la 1\u00aa opci\u00f3n. Puede matricularse o PRESENTAR LA RESERVA DE PLAZA y esperar a la 2\u00aa vuelta. (16 de Julio)<\/li>\n<li>Si aparece como ADJUDICADO EN MEJOR PRIORIDAD, debe encontrar en qu\u00e9 instrumento ha sido admitido.<\/li>\n<li>Si aparece como INSUFICIENCIA DE PLAZAS ESCOLARES EN TODAS SUS PETICIONES, es que no ha obtenido plaza en esta primera adjudicaci\u00f3n y debe esperar a la segunda vuelta el d\u00eda 16 de Julio.<\/li>\n<li>Si tampoco obtuviera plaza este d\u00eda, quedar\u00e1 en una lista de espera y podr\u00e1 ser llamado hasta el 30 de noviembre.&nbsp;<\/li>\n<\/ol>\n<p><b>ATENCI\u00d3N<\/b>: Si no formalizan la matr\u00edcula o la reserva antes del 10 de julio, perder\u00e1n su derecho a reserva de plaza.<\/p>\n<p><strong><span class=\"tm-timeline-date\" style=\"color: #333399\">16 JUNIO &#8211; 15 JULIO<\/span><\/strong><\/p>\n<ul>\n<li>Plazo de&nbsp;<strong>presentaci\u00f3n de recursos de alzada<\/strong>&nbsp;a la adjudicaci\u00f3n de plazas.<\/li>\n<\/ul>\n<p><span style=\"color: #333399\"><strong><span class=\"tm-timeline-date\">1-10 JULIO<\/span><\/strong><\/span><\/p>\n<ul>\n<li><strong>Plazo de matriculaci\u00f3n&nbsp;o<\/strong>, en su caso, <strong>reserva de plaza<\/strong>. Se podr\u00e1 realizar matr\u00edcula si se acepta el instrumento de la 1\u00aa adjudicaci\u00f3n, o solicitar reserva de matr\u00edcula ni no se acepta.<\/li>\n<\/ul>\n<table style=\"width: 544.5px;height: 319px\">\n<tbody>\n<tr style=\"height: 24px\">\n<td style=\"text-align: center;height: 24px;width: 497.5px\" colspan=\"2\"><span style=\"color: #000080\">Curso escolar 2021-2022<\/span><\/td>\n<\/tr>\n<tr style=\"height: 24px\">\n<td style=\"text-align: center;height: 24px;width: 497.5px\" colspan=\"2\">1\u00ba Curso de I Ciclo de Ense\u00f1anzas B\u00e1sicas<\/td>\n<\/tr>\n<tr style=\"height: 24px\">\n<td style=\"height: 24px;width: 202px\"><span style=\"color: #000080\">ESPECIALIDAD<\/span><\/td>\n<td style=\"height: 24px;width: 295.5px\"><span style=\"color: #000080\">PLAZAS<\/span><\/td>\n<\/tr>\n<tr style=\"height: 24px\">\n<td style=\"height: 24px;width: 202px\">Clarinete<\/td>\n<td style=\"height: 24px;width: 295.5px\">12<\/td>\n<\/tr>\n<tr style=\"height: 24px\">\n<td style=\"height: 24px;width: 202px\">Flauta Travesera<\/td>\n<td style=\"height: 24px;width: 295.5px\">6<\/td>\n<\/tr>\n<tr style=\"height: 24px\">\n<td style=\"height: 24px;width: 202px\">Guitarra<\/td>\n<td style=\"height: 24px;width: 295.5px\">12<\/td>\n<\/tr>\n<tr style=\"height: 24px\">\n<td style=\"height: 24px;width: 202px\">Piano<\/td>\n<td style=\"height: 24px;width: 295.5px\">12<\/td>\n<\/tr>\n<tr style=\"height: 24px\">\n<td style=\"height: 24px;width: 202px\">Saxofo\u0301n<\/td>\n<td style=\"height: 24px;width: 295.5px\">6<\/td>\n<\/tr>\n<tr style=\"height: 24px\">\n<td style=\"height: 24px;width: 202px\">Violi\u0301n<\/td>\n<td style=\"height: 24px;width: 295.5px\">9<\/td>\n<\/tr>\n<tr style=\"height: 24px\">\n<td style=\"height: 24px;width: 202px\">Violonchelo<\/td>\n<td style=\"height: 24px;width: 295.5px\">6<\/td>\n<\/tr>\n<\/tbody>\n<\/table>\n<p><strong><span class=\"tm-timeline-date\" style=\"color: #000080\">16 JULIO<\/span><\/strong><\/p>\n<p>Publicaci\u00f3n de la&nbsp;<strong>Resoluci\u00f3n de admisi\u00f3n<\/strong>&nbsp;del alumnado en 1\u00ba de EEBM (<strong>segunda adjudicaci\u00f3n<\/strong>).<\/p>\n<p><strong><span class=\"tm-timeline-date\" style=\"color: #000080\">19-20 JULIO<\/span><\/strong><\/p>\n<p><strong>Plazo de matriculaci\u00f3n&nbsp;<\/strong>para el alumnado que ha obtenido plaza en la segunda adjudicaci\u00f3n. En horario de 10 a 13H.<span class=\"tm-timeline-date\"><br \/>\n<\/span><\/p>\n","protected":false},"excerpt":{"rendered":"<p>CALENDARIO GENERAL 7 MAYO Publicaci\u00f3n del listado de admitidos y no admitidos a las pruebas de aptitud. Publicaci\u00f3n de las fechas y horarios concretos de realizaci\u00f3n de las pruebas. ACTUALIZADO.Contenido de la prueba.&nbsp; Los aspirantes deber\u00e1n presentar al profesorado encargado el DNI, carnet escolar, fotocopia del libro de familia, u otro documento que acredite adecuadamente [&hellip;]<\/p>\n","protected":false},"author":7614,"featured_media":0,"comment_status":"closed","ping_status":"closed","sticky":true,"template":"","format":"standard","meta":{"ngg_post_thumbnail":0,"footnotes":""},"categories":[1043433],"tags":[],"aioseo_notices":[],"_links":{"self":[{"href":"https:\/\/blogsaverroes.juntadeandalucia.es\/cemdedoshermanas\/wp-json\/wp\/v2\/posts\/1291"}],"collection":[{"href":"https:\/\/blogsaverroes.juntadeandalucia.es\/cemdedoshermanas\/wp-json\/wp\/v2\/posts"}],"about":[{"href":"https:\/\/blogsaverroes.juntadeandalucia.es\/cemdedoshermanas\/wp-json\/wp\/v2\/types\/post"}],"author":[{"embeddable":true,"href":"https:\/\/blogsaverroes.juntadeandalucia.es\/cemdedoshermanas\/wp-json\/wp\/v2\/users\/7614"}],"replies":[{"embeddable":true,"href":"https:\/\/blogsaverroes.juntadeandalucia.es\/cemdedoshermanas\/wp-json\/wp\/v2\/comments?post=1291"}],"version-history":[{"count":71,"href":"https:\/\/blogsaverroes.juntadeandalucia.es\/cemdedoshermanas\/wp-json\/wp\/v2\/posts\/1291\/revisions"}],"predecessor-version":[{"id":1833,"href":"https:\/\/blogsaverroes.juntadeandalucia.es\/cemdedoshermanas\/wp-json\/wp\/v2\/posts\/1291\/revisions\/1833"}],"wp:attachment":[{"href":"https:\/\/blogsaverroes.juntadeandalucia.es\/cemdedoshermanas\/wp-json\/wp\/v2\/media?parent=1291"}],"wp:term":[{"taxonomy":"category","embeddable":true,"href":"https:\/\/blogsaverroes.juntadeandalucia.es\/cemdedoshermanas\/wp-json\/wp\/v2\/categories?post=1291"},{"taxonomy":"post_tag","embeddable":true,"href":"https:\/\/blogsaverroes.juntadeandalucia.es\/cemdedoshermanas\/wp-json\/wp\/v2\/tags?post=1291"}],"curies":[{"name":"wp","href":"https:\/\/api.w.org\/{rel}","templated":true}]}}