{"id":1682,"date":"2021-03-08T12:20:53","date_gmt":"2021-03-08T12:20:53","guid":{"rendered":"https:\/\/blogsaverroes.juntadeandalucia.es\/cemdedoshermanas\/?p=1682"},"modified":"2021-03-15T13:52:19","modified_gmt":"2021-03-15T13:52:19","slug":"8m-dia-de-la-mujer","status":"publish","type":"post","link":"https:\/\/blogsaverroes.juntadeandalucia.es\/cemdedoshermanas\/2021\/03\/08\/8m-dia-de-la-mujer\/","title":{"rendered":"8M. DIA DE LA MUJER"},"content":{"rendered":"<p>Y LOS <strong>GANADORES\/AS<\/strong> DEL CONCURSO SON:<\/p>\n<ul>\n<li data-thread-perm-id=\"thread-f:1693395901877031484\" data-legacy-thread-id=\"17802699cb7b923c\">H\u00e9ctor Rodr\u00edguez Hurtado (piano)<\/li>\n<li data-thread-perm-id=\"thread-f:1693395901877031484\" data-legacy-thread-id=\"17802699cb7b923c\">Marta Rodr\u00edguez Garc\u00eda (clarinete)<\/li>\n<li data-thread-perm-id=\"thread-f:1693395901877031484\" data-legacy-thread-id=\"17802699cb7b923c\">Diana Atienza S\u00e1nchez (saxof\u00f3n).<\/li>\n<li data-thread-perm-id=\"thread-f:1693395901877031484\" data-legacy-thread-id=\"17802699cb7b923c\">Irene Claro Rom\u00e1n (flauta)<\/li>\n<\/ul>\n<h1>\u00a1\u00a1ENHORABUENA!!!<\/h1>\n<h4>Concurso 8M. <span style=\"font-size: large\">Informaci\u00f3n detallada:<\/span><\/h4>\n<h6>&nbsp;<\/h6>\n<p><span style=\"font-size: large;color: #000000\"><a href=\"https:\/\/blogsaverroes.juntadeandalucia.es\/cemdedoshermanas\/2021\/03\/08\/8m-dia-de-la-mujer\/concurso-8m\/\" rel=\"attachment wp-att-1686\"><i>El cambio real, el cambio duradero, ocurre paso a paso (Ruth Bader Ginsburg)<\/i><img loading=\"lazy\" decoding=\"async\" class=\"alignnone wp-image-1686 size-large\" src=\"https:\/\/blogsaverroes.juntadeandalucia.es\/cemdedoshermanas\/files\/2021\/03\/Concurso-8M-724x1024.jpg\" alt=\"\" width=\"724\" height=\"1024\" srcset=\"https:\/\/blogsaverroes.juntadeandalucia.es\/cemdedoshermanas\/files\/2021\/03\/Concurso-8M-724x1024.jpg 724w, https:\/\/blogsaverroes.juntadeandalucia.es\/cemdedoshermanas\/files\/2021\/03\/Concurso-8M-212x300.jpg 212w, https:\/\/blogsaverroes.juntadeandalucia.es\/cemdedoshermanas\/files\/2021\/03\/Concurso-8M-768x1086.jpg 768w, https:\/\/blogsaverroes.juntadeandalucia.es\/cemdedoshermanas\/files\/2021\/03\/Concurso-8M-1086x1536.jpg 1086w, https:\/\/blogsaverroes.juntadeandalucia.es\/cemdedoshermanas\/files\/2021\/03\/Concurso-8M-1448x2048.jpg 1448w, https:\/\/blogsaverroes.juntadeandalucia.es\/cemdedoshermanas\/files\/2021\/03\/Concurso-8M-scaled.jpg 1131w\" sizes=\"(max-width: 724px) 100vw, 724px\" \/><\/a>Enlace para el env\u00edo de respuestas del concurso:&nbsp;<\/span><\/p>\n<p><a href=\"https:\/\/forms.gle\/1pRgqRaW1PGtU8Kp9\" target=\"_blank\" rel=\"noopener noreferrer\" data-saferedirecturl=\"https:\/\/www.google.com\/url?q=https:\/\/forms.gle\/1pRgqRaW1PGtU8Kp9&amp;source=gmail&amp;ust=1615292776668000&amp;usg=AFQjCNEeMmdI-JdhdjDEmwieARsmMnKSTQ\"><span style=\"font-size: large\"><span style=\"color: #800080\">https:\/\/forms.gle\/1pRgqRaW1PGtU8Kp9<\/span><\/span><\/a><\/p>\n<div>\n<p><span style=\"font-size: large;color: #333300\">Plazo m\u00e1ximo: viernes 12 de marzo<\/span><\/p>\n<p><span style=\"font-size: large;color: #333300\">D\u00eda del sorteo: lunes 15 de marzo<\/span><\/p>\n<p><span style=\"color: #333300;font-size: large\">Premio: 4 calendarios de valores<\/span><\/p>\n<p><span style=\"color: #333300;font-size: large\">Criterios para el sorteo:<\/span><\/p>\n<p><span style=\"color: #333300;font-size: large\">Se seleccionar\u00e1 en primer lugar al alumnado que hayan acertado todas las preguntas y en el caso de ser m\u00e1s de 4 se har\u00e1 el sorteo entre ellos\/as.<\/span><\/p>\n<\/div>\n<ul>\n<li><span class=\"d2edcug0 hpfvmrgz qv66sw1b c1et5uql oi732d6d ik7dh3pa fgxwclzu a8c37x1j keod5gw0 nxhoafnm aigsh9s9 d3f4x2em fe6kdd0r mau55g9w c8b282yb iv3no6db jq4qci2q a3bd9o3v knj5qynh oo9gr5id hzawbc8m\" dir=\"auto\">8M Celebramos el D\u00eda de la Mujer en nuestro centro. Os dejamos estos v\u00eddeos que hemos preparado. \u00a1Esperamos que os guste!<\/span><\/li>\n<\/ul>\n<p><iframe loading=\"lazy\" title=\"Concierto Di\u0301a de la Mujer\" width=\"1170\" height=\"658\" src=\"https:\/\/www.youtube.com\/embed\/jTnEc7JdB4A?list=PLd2EDBlubwE0r7Dpea7vktMF_rOE-YkmY\" frameborder=\"0\" allow=\"accelerometer; autoplay; clipboard-write; encrypted-media; gyroscope; picture-in-picture\" allowfullscreen><\/iframe><\/p>\n<p><iframe loading=\"lazy\" title=\"Concierto Di\u0301a de la Mujer\" width=\"1170\" height=\"658\" src=\"https:\/\/www.youtube.com\/embed\/PFHqfZdEMDQ?feature=oembed\" frameborder=\"0\" allow=\"accelerometer; autoplay; clipboard-write; encrypted-media; gyroscope; picture-in-picture\" allowfullscreen><\/iframe><\/p>\n<p><iframe loading=\"lazy\" title=\"Concierto Di\u0301a de la Mujer\" width=\"1170\" height=\"658\" src=\"https:\/\/www.youtube.com\/embed\/0rlmEMOwSLA?feature=oembed\" frameborder=\"0\" allow=\"accelerometer; autoplay; clipboard-write; encrypted-media; gyroscope; picture-in-picture\" allowfullscreen><\/iframe><\/p>\n<p><iframe loading=\"lazy\" title=\"Concierto Di\u0301a de la Mujer\" width=\"1170\" height=\"658\" src=\"https:\/\/www.youtube.com\/embed\/jTnEc7JdB4A?feature=oembed\" frameborder=\"0\" allow=\"accelerometer; autoplay; clipboard-write; encrypted-media; gyroscope; picture-in-picture\" allowfullscreen><\/iframe><\/p>\n<p><iframe loading=\"lazy\" title=\"Concierto Di\u0301a de la Mujer\" width=\"1170\" height=\"658\" src=\"https:\/\/www.youtube.com\/embed\/hqn5gzhXVn8?feature=oembed\" frameborder=\"0\" allow=\"accelerometer; autoplay; clipboard-write; encrypted-media; gyroscope; picture-in-picture\" allowfullscreen><\/iframe><\/p>\n","protected":false},"excerpt":{"rendered":"<p>Y LOS GANADORES\/AS DEL CONCURSO SON: H\u00e9ctor Rodr\u00edguez Hurtado (piano) Marta Rodr\u00edguez Garc\u00eda (clarinete) Diana Atienza S\u00e1nchez (saxof\u00f3n). Irene Claro Rom\u00e1n (flauta) \u00a1\u00a1ENHORABUENA!!! Concurso 8M. Informaci\u00f3n detallada: &nbsp; El cambio real, el cambio duradero, ocurre paso a paso (Ruth Bader Ginsburg)Enlace para el env\u00edo de respuestas del concurso:&nbsp; https:\/\/forms.gle\/1pRgqRaW1PGtU8Kp9 Plazo m\u00e1ximo: viernes 12 de marzo [&hellip;]<\/p>\n","protected":false},"author":7614,"featured_media":0,"comment_status":"closed","ping_status":"closed","sticky":false,"template":"","format":"standard","meta":{"ngg_post_thumbnail":0,"footnotes":""},"categories":[32,2285655],"tags":[],"aioseo_notices":[],"_links":{"self":[{"href":"https:\/\/blogsaverroes.juntadeandalucia.es\/cemdedoshermanas\/wp-json\/wp\/v2\/posts\/1682"}],"collection":[{"href":"https:\/\/blogsaverroes.juntadeandalucia.es\/cemdedoshermanas\/wp-json\/wp\/v2\/posts"}],"about":[{"href":"https:\/\/blogsaverroes.juntadeandalucia.es\/cemdedoshermanas\/wp-json\/wp\/v2\/types\/post"}],"author":[{"embeddable":true,"href":"https:\/\/blogsaverroes.juntadeandalucia.es\/cemdedoshermanas\/wp-json\/wp\/v2\/users\/7614"}],"replies":[{"embeddable":true,"href":"https:\/\/blogsaverroes.juntadeandalucia.es\/cemdedoshermanas\/wp-json\/wp\/v2\/comments?post=1682"}],"version-history":[{"count":11,"href":"https:\/\/blogsaverroes.juntadeandalucia.es\/cemdedoshermanas\/wp-json\/wp\/v2\/posts\/1682\/revisions"}],"predecessor-version":[{"id":1703,"href":"https:\/\/blogsaverroes.juntadeandalucia.es\/cemdedoshermanas\/wp-json\/wp\/v2\/posts\/1682\/revisions\/1703"}],"wp:attachment":[{"href":"https:\/\/blogsaverroes.juntadeandalucia.es\/cemdedoshermanas\/wp-json\/wp\/v2\/media?parent=1682"}],"wp:term":[{"taxonomy":"category","embeddable":true,"href":"https:\/\/blogsaverroes.juntadeandalucia.es\/cemdedoshermanas\/wp-json\/wp\/v2\/categories?post=1682"},{"taxonomy":"post_tag","embeddable":true,"href":"https:\/\/blogsaverroes.juntadeandalucia.es\/cemdedoshermanas\/wp-json\/wp\/v2\/tags?post=1682"}],"curies":[{"name":"wp","href":"https:\/\/api.w.org\/{rel}","templated":true}]}}