{"id":1757,"date":"2021-06-10T12:05:21","date_gmt":"2021-06-10T12:05:21","guid":{"rendered":"https:\/\/blogsaverroes.juntadeandalucia.es\/cemdedoshermanas\/?p=1757"},"modified":"2021-06-15T11:53:44","modified_gmt":"2021-06-15T11:53:44","slug":"audiciones-fin-de-curso","status":"publish","type":"post","link":"https:\/\/blogsaverroes.juntadeandalucia.es\/cemdedoshermanas\/2021\/06\/10\/audiciones-fin-de-curso\/","title":{"rendered":"AUDICIONES FIN DE CURSO"},"content":{"rendered":"<p>Todas las audiciones se realizar\u00e1n en el Patio del CEIP \u00abLas Portadas\u00bb, Dos Hermanas<\/p>\n<ul>\n<li>D\u00eda 10 de Junio: AUDICI\u00d3N DE PIANO 19 &#8211; 21H<\/li>\n<li>D\u00eda 14 de Junio: AUDICI\u00d3N VIOLONCHELO 19 &#8211; 21H<\/li>\n<li>D\u00eda 15 de Junio: CONCIERTO FIN DE CURSO.CIUDAD DEL CONOCIMIENTO. SAL\u00d3N DE ACTOS.19H (El alumnado llegar\u00e1 a las 18:15h) Solamente podr\u00e1n asistir dos personas por alumnado participante.<\/li>\n<li>D\u00eda 16 de Junio: AUDICI\u00d3N DE SAXOF\u00d3N 19 &#8211; 21H<\/li>\n<li>D\u00eda 17 de Junio: AUDICI\u00d3N CLARINETE 19 &#8211; 21H<\/li>\n<li>D\u00eda 21 de Junio: <span id=\"page13R_mcid0\" class=\"markedContent\"><span dir=\"ltr\">ORLA LUNES 21<\/span><span dir=\"ltr\"> DE JUNIO DOS TURNOS DOS TURNOS:<\/span><\/span>19:00 a 20:00; 20:00 a 21:00<\/li>\n<\/ul>\n","protected":false},"excerpt":{"rendered":"<p>Todas las audiciones se realizar\u00e1n en el Patio del CEIP \u00abLas Portadas\u00bb, Dos Hermanas D\u00eda 10 de Junio: AUDICI\u00d3N DE PIANO 19 &#8211; 21H D\u00eda 14 de Junio: AUDICI\u00d3N VIOLONCHELO 19 &#8211; 21H D\u00eda 15 de Junio: CONCIERTO FIN DE CURSO.CIUDAD DEL CONOCIMIENTO. SAL\u00d3N DE ACTOS.19H (El alumnado llegar\u00e1 a las 18:15h) Solamente podr\u00e1n asistir [&hellip;]<\/p>\n","protected":false},"author":7614,"featured_media":0,"comment_status":"closed","ping_status":"closed","sticky":true,"template":"","format":"standard","meta":{"ngg_post_thumbnail":0,"footnotes":""},"categories":[5321],"tags":[],"aioseo_notices":[],"_links":{"self":[{"href":"https:\/\/blogsaverroes.juntadeandalucia.es\/cemdedoshermanas\/wp-json\/wp\/v2\/posts\/1757"}],"collection":[{"href":"https:\/\/blogsaverroes.juntadeandalucia.es\/cemdedoshermanas\/wp-json\/wp\/v2\/posts"}],"about":[{"href":"https:\/\/blogsaverroes.juntadeandalucia.es\/cemdedoshermanas\/wp-json\/wp\/v2\/types\/post"}],"author":[{"embeddable":true,"href":"https:\/\/blogsaverroes.juntadeandalucia.es\/cemdedoshermanas\/wp-json\/wp\/v2\/users\/7614"}],"replies":[{"embeddable":true,"href":"https:\/\/blogsaverroes.juntadeandalucia.es\/cemdedoshermanas\/wp-json\/wp\/v2\/comments?post=1757"}],"version-history":[{"count":18,"href":"https:\/\/blogsaverroes.juntadeandalucia.es\/cemdedoshermanas\/wp-json\/wp\/v2\/posts\/1757\/revisions"}],"predecessor-version":[{"id":1787,"href":"https:\/\/blogsaverroes.juntadeandalucia.es\/cemdedoshermanas\/wp-json\/wp\/v2\/posts\/1757\/revisions\/1787"}],"wp:attachment":[{"href":"https:\/\/blogsaverroes.juntadeandalucia.es\/cemdedoshermanas\/wp-json\/wp\/v2\/media?parent=1757"}],"wp:term":[{"taxonomy":"category","embeddable":true,"href":"https:\/\/blogsaverroes.juntadeandalucia.es\/cemdedoshermanas\/wp-json\/wp\/v2\/categories?post=1757"},{"taxonomy":"post_tag","embeddable":true,"href":"https:\/\/blogsaverroes.juntadeandalucia.es\/cemdedoshermanas\/wp-json\/wp\/v2\/tags?post=1757"}],"curies":[{"name":"wp","href":"https:\/\/api.w.org\/{rel}","templated":true}]}}