{"id":1831,"date":"2024-06-20T17:37:44","date_gmt":"2024-06-20T15:37:44","guid":{"rendered":"https:\/\/blogsaverroes.juntadeandalucia.es\/cemlapalmera\/?p=1831"},"modified":"2024-06-20T17:40:58","modified_gmt":"2024-06-20T15:40:58","slug":"campamento-tavizna","status":"publish","type":"post","link":"https:\/\/blogsaverroes.juntadeandalucia.es\/cemlapalmera\/campamento-tavizna\/","title":{"rendered":"CAMPAMENTO DE TAVIZNA"},"content":{"rendered":"<p><span class=\"css-1jxf684 r-bcqeeo r-1ttztb7 r-qvutc0 r-poiln3\">Finaliza un fin de semana m\u00e1gico en <\/span><span class=\"r-18u37iz\"><a class=\"css-1jxf684 r-bcqeeo r-1ttztb7 r-qvutc0 r-poiln3 r-1loqt21\" dir=\"ltr\" role=\"link\" href=\"https:\/\/x.com\/hashtag\/Tavizna?src=hashtag_click\">#Tavizna<\/a><\/span><span class=\"css-1jxf684 r-bcqeeo r-1ttztb7 r-qvutc0 r-poiln3\"> rodeados de m\u00fasica y naturaleza. Volvemos de subid\u00f3n de un campamento musical en plena sierra de Grazalema. \u00a1Una experiencia inolvidable! <\/span><\/p>\n<p><a href=\"https:\/\/youtu.be\/BoPPwVS-ZWk\">https:\/\/youtu.be\/BoPPwVS-ZWk<\/a><\/p>\n","protected":false},"excerpt":{"rendered":"<p>Finaliza un fin de semana m\u00e1gico en #Tavizna rodeados de m\u00fasica y naturaleza. Volvemos de subid\u00f3n de un campamento musical en plena sierra de Grazalema. \u00a1Una experiencia inolvidable! https:\/\/youtu.be\/BoPPwVS-ZWk<\/p>\n","protected":false},"author":18520,"featured_media":1833,"comment_status":"closed","ping_status":"closed","sticky":false,"template":"","format":"standard","meta":{"_et_pb_use_builder":"","_et_pb_old_content":"","_et_gb_content_width":"","ngg_post_thumbnail":0,"footnotes":""},"categories":[1],"tags":[],"aioseo_notices":[],"_links":{"self":[{"href":"https:\/\/blogsaverroes.juntadeandalucia.es\/cemlapalmera\/wp-json\/wp\/v2\/posts\/1831"}],"collection":[{"href":"https:\/\/blogsaverroes.juntadeandalucia.es\/cemlapalmera\/wp-json\/wp\/v2\/posts"}],"about":[{"href":"https:\/\/blogsaverroes.juntadeandalucia.es\/cemlapalmera\/wp-json\/wp\/v2\/types\/post"}],"author":[{"embeddable":true,"href":"https:\/\/blogsaverroes.juntadeandalucia.es\/cemlapalmera\/wp-json\/wp\/v2\/users\/18520"}],"replies":[{"embeddable":true,"href":"https:\/\/blogsaverroes.juntadeandalucia.es\/cemlapalmera\/wp-json\/wp\/v2\/comments?post=1831"}],"version-history":[{"count":3,"href":"https:\/\/blogsaverroes.juntadeandalucia.es\/cemlapalmera\/wp-json\/wp\/v2\/posts\/1831\/revisions"}],"predecessor-version":[{"id":1839,"href":"https:\/\/blogsaverroes.juntadeandalucia.es\/cemlapalmera\/wp-json\/wp\/v2\/posts\/1831\/revisions\/1839"}],"wp:featuredmedia":[{"embeddable":true,"href":"https:\/\/blogsaverroes.juntadeandalucia.es\/cemlapalmera\/wp-json\/wp\/v2\/media\/1833"}],"wp:attachment":[{"href":"https:\/\/blogsaverroes.juntadeandalucia.es\/cemlapalmera\/wp-json\/wp\/v2\/media?parent=1831"}],"wp:term":[{"taxonomy":"category","embeddable":true,"href":"https:\/\/blogsaverroes.juntadeandalucia.es\/cemlapalmera\/wp-json\/wp\/v2\/categories?post=1831"},{"taxonomy":"post_tag","embeddable":true,"href":"https:\/\/blogsaverroes.juntadeandalucia.es\/cemlapalmera\/wp-json\/wp\/v2\/tags?post=1831"}],"curies":[{"name":"wp","href":"https:\/\/api.w.org\/{rel}","templated":true}]}}