{"id":2173,"date":"2025-12-03T21:22:06","date_gmt":"2025-12-03T20:22:06","guid":{"rendered":"https:\/\/blogsaverroes.juntadeandalucia.es\/cemlapalmera\/?p=2173"},"modified":"2026-03-22T20:25:49","modified_gmt":"2026-03-22T19:25:49","slug":"concierto-de-navidad-2025","status":"publish","type":"post","link":"https:\/\/blogsaverroes.juntadeandalucia.es\/cemlapalmera\/concierto-de-navidad-2025\/","title":{"rendered":"CONCIERTO DE NAVIDAD 2025"},"content":{"rendered":"<p>El pasado lunes 15 de diciembre celebramos el tradicional Concierto de Navidad del CEM La Palmera. Aqu\u00ed ten\u00e9is alg\u00fan extracto del mismo:<\/p>\n<p><a href=\"https:\/\/youtu.be\/NfIgR9inGiI\">All I want for Christmas is you<\/a><\/p>\n<p>\u00a1Muchas gracias y mucha m\u00fasica!<\/p>\n","protected":false},"excerpt":{"rendered":"<p>El pasado lunes 15 de diciembre celebramos el tradicional Concierto de Navidad del CEM La Palmera. Aqu\u00ed ten\u00e9is alg\u00fan extracto del mismo: All I want for Christmas is you \u00a1Muchas gracias y mucha m\u00fasica!<\/p>\n","protected":false},"author":13636,"featured_media":2175,"comment_status":"closed","ping_status":"closed","sticky":false,"template":"","format":"standard","meta":{"_et_pb_use_builder":"","_et_pb_old_content":"","_et_gb_content_width":"","ngg_post_thumbnail":0,"footnotes":""},"categories":[4,1],"tags":[],"aioseo_notices":[],"_links":{"self":[{"href":"https:\/\/blogsaverroes.juntadeandalucia.es\/cemlapalmera\/wp-json\/wp\/v2\/posts\/2173"}],"collection":[{"href":"https:\/\/blogsaverroes.juntadeandalucia.es\/cemlapalmera\/wp-json\/wp\/v2\/posts"}],"about":[{"href":"https:\/\/blogsaverroes.juntadeandalucia.es\/cemlapalmera\/wp-json\/wp\/v2\/types\/post"}],"author":[{"embeddable":true,"href":"https:\/\/blogsaverroes.juntadeandalucia.es\/cemlapalmera\/wp-json\/wp\/v2\/users\/13636"}],"replies":[{"embeddable":true,"href":"https:\/\/blogsaverroes.juntadeandalucia.es\/cemlapalmera\/wp-json\/wp\/v2\/comments?post=2173"}],"version-history":[{"count":3,"href":"https:\/\/blogsaverroes.juntadeandalucia.es\/cemlapalmera\/wp-json\/wp\/v2\/posts\/2173\/revisions"}],"predecessor-version":[{"id":2240,"href":"https:\/\/blogsaverroes.juntadeandalucia.es\/cemlapalmera\/wp-json\/wp\/v2\/posts\/2173\/revisions\/2240"}],"wp:featuredmedia":[{"embeddable":true,"href":"https:\/\/blogsaverroes.juntadeandalucia.es\/cemlapalmera\/wp-json\/wp\/v2\/media\/2175"}],"wp:attachment":[{"href":"https:\/\/blogsaverroes.juntadeandalucia.es\/cemlapalmera\/wp-json\/wp\/v2\/media?parent=2173"}],"wp:term":[{"taxonomy":"category","embeddable":true,"href":"https:\/\/blogsaverroes.juntadeandalucia.es\/cemlapalmera\/wp-json\/wp\/v2\/categories?post=2173"},{"taxonomy":"post_tag","embeddable":true,"href":"https:\/\/blogsaverroes.juntadeandalucia.es\/cemlapalmera\/wp-json\/wp\/v2\/tags?post=2173"}],"curies":[{"name":"wp","href":"https:\/\/api.w.org\/{rel}","templated":true}]}}