{"id":2611,"date":"2020-05-19T09:21:08","date_gmt":"2020-05-19T09:21:08","guid":{"rendered":"https:\/\/blogsaverroes.juntadeandalucia.es\/cemloja\/?p=2611"},"modified":"2020-05-19T09:22:06","modified_gmt":"2020-05-19T09:22:06","slug":"medidas-de-seguridad-basicas","status":"publish","type":"post","link":"https:\/\/blogsaverroes.juntadeandalucia.es\/cemloja\/2020\/05\/19\/medidas-de-seguridad-basicas\/","title":{"rendered":"Medidas de seguridad b\u00e1sicas"},"content":{"rendered":"<p>Debido a la situaci\u00f3n excepcional en la que vivimos, siguiendo las Instrucciones de la Viceconsejer\u00eda de Eduaci\u00f3n y deporte para la apertura de centros para procedimientos de admisi\u00f3n y tareas administrativas, hemos redactado las siguientes medidas b\u00e1sicas de prevenci\u00f3n de contagio:<\/p>\n<p><a href=\"https:\/\/blogsaverroes.juntadeandalucia.es\/cemloja\/files\/2020\/05\/medidas-de-seguridad-centro.jpg\"><img loading=\"lazy\" decoding=\"async\" class=\"alignnone size-medium wp-image-2612\" src=\"https:\/\/blogsaverroes.juntadeandalucia.es\/cemloja\/files\/2020\/05\/medidas-de-seguridad-centro-300x212.jpg\" alt=\"\" width=\"300\" height=\"212\" srcset=\"https:\/\/blogsaverroes.juntadeandalucia.es\/cemloja\/files\/2020\/05\/medidas-de-seguridad-centro-300x212.jpg 300w, https:\/\/blogsaverroes.juntadeandalucia.es\/cemloja\/files\/2020\/05\/medidas-de-seguridad-centro-768x543.jpg 768w, https:\/\/blogsaverroes.juntadeandalucia.es\/cemloja\/files\/2020\/05\/medidas-de-seguridad-centro-1024x724.jpg 1024w, https:\/\/blogsaverroes.juntadeandalucia.es\/cemloja\/files\/2020\/05\/medidas-de-seguridad-centro-24x17.jpg 24w, https:\/\/blogsaverroes.juntadeandalucia.es\/cemloja\/files\/2020\/05\/medidas-de-seguridad-centro-36x25.jpg 36w, https:\/\/blogsaverroes.juntadeandalucia.es\/cemloja\/files\/2020\/05\/medidas-de-seguridad-centro-48x34.jpg 48w, https:\/\/blogsaverroes.juntadeandalucia.es\/cemloja\/files\/2020\/05\/medidas-de-seguridad-centro.jpg 1600w\" sizes=\"(max-width: 300px) 100vw, 300px\" \/><\/a><\/p>\n","protected":false},"excerpt":{"rendered":"<p>Debido a la situaci\u00f3n excepcional en la que vivimos, siguiendo las Instrucciones de la Viceconsejer\u00eda de Eduaci\u00f3n y deporte para la apertura de centros para&hellip;<\/p>\n","protected":false},"author":10100,"featured_media":0,"comment_status":"open","ping_status":"open","sticky":false,"template":"","format":"standard","meta":{"ngg_post_thumbnail":0,"footnotes":""},"categories":[11909],"tags":[],"aioseo_notices":[],"_links":{"self":[{"href":"https:\/\/blogsaverroes.juntadeandalucia.es\/cemloja\/wp-json\/wp\/v2\/posts\/2611"}],"collection":[{"href":"https:\/\/blogsaverroes.juntadeandalucia.es\/cemloja\/wp-json\/wp\/v2\/posts"}],"about":[{"href":"https:\/\/blogsaverroes.juntadeandalucia.es\/cemloja\/wp-json\/wp\/v2\/types\/post"}],"author":[{"embeddable":true,"href":"https:\/\/blogsaverroes.juntadeandalucia.es\/cemloja\/wp-json\/wp\/v2\/users\/10100"}],"replies":[{"embeddable":true,"href":"https:\/\/blogsaverroes.juntadeandalucia.es\/cemloja\/wp-json\/wp\/v2\/comments?post=2611"}],"version-history":[{"count":3,"href":"https:\/\/blogsaverroes.juntadeandalucia.es\/cemloja\/wp-json\/wp\/v2\/posts\/2611\/revisions"}],"predecessor-version":[{"id":2615,"href":"https:\/\/blogsaverroes.juntadeandalucia.es\/cemloja\/wp-json\/wp\/v2\/posts\/2611\/revisions\/2615"}],"wp:attachment":[{"href":"https:\/\/blogsaverroes.juntadeandalucia.es\/cemloja\/wp-json\/wp\/v2\/media?parent=2611"}],"wp:term":[{"taxonomy":"category","embeddable":true,"href":"https:\/\/blogsaverroes.juntadeandalucia.es\/cemloja\/wp-json\/wp\/v2\/categories?post=2611"},{"taxonomy":"post_tag","embeddable":true,"href":"https:\/\/blogsaverroes.juntadeandalucia.es\/cemloja\/wp-json\/wp\/v2\/tags?post=2611"}],"curies":[{"name":"wp","href":"https:\/\/api.w.org\/{rel}","templated":true}]}}