{"id":1492,"date":"2026-03-27T11:45:24","date_gmt":"2026-03-27T10:45:24","guid":{"rendered":"https:\/\/blogsaverroes.juntadeandalucia.es\/centroeducacionespecialluispastoraprosmo\/?p=1492"},"modified":"2026-03-27T11:50:08","modified_gmt":"2026-03-27T10:50:08","slug":"1492-2","status":"publish","type":"post","link":"https:\/\/blogsaverroes.juntadeandalucia.es\/centroeducacionespecialluispastoraprosmo\/1492-2\/","title":{"rendered":"El alumnado de FBO visita Mercadona con el proyecto &#8220;Mercacole&#8221;"},"content":{"rendered":"<p data-path-to-node=\"4\"><span style=\"color: #000000\">Esta semana, nuestros alumnos y alumnas del tercer ciclo de FBO han cambiado las aulas por los pasillos del supermercado. Dentro de nuestro proyecto anual de trabajo &#8220;Mercacole&#8221;, hemos realizado una salida muy especial al Mercadona de nuestra localidad.<\/span><\/p>\n<h3 data-path-to-node=\"5\"><span style=\"color: #000000\">\u00bfQu\u00e9 hemos aprendido en esta aventura?<\/span><\/h3>\n<p data-path-to-node=\"6\"><span style=\"color: #000000\">M\u00e1s all\u00e1 de llenar el carrito, esta actividad es una oportunidad de oro para que nuestro alumnado ponga en pr\u00e1ctica habilidades esenciales para su d\u00eda a d\u00eda. Los objetivos principales de esta salida han sido:<\/span><\/p>\n<ul data-path-to-node=\"7\">\n<li>\n<p data-path-to-node=\"7,0,0\"><span style=\"color: #000000\">Autonom\u00eda personal: Aprender a orientarse en el establecimiento, seleccionar productos y entender el proceso de compra.<\/span><\/p>\n<\/li>\n<li>\n<p data-path-to-node=\"7,1,0\"><span style=\"color: #000000\">Comunicaci\u00f3n funcional: Practicar c\u00f3mo pedir ayuda a los trabajadores, preguntar precios o interactuar en la l\u00ednea de caja.<\/span><\/p>\n<\/li>\n<li>\n<p data-path-to-node=\"7,2,0\"><span style=\"color: #000000\">Habilidades sociales: Trabajar la paciencia en las esperas, el respeto a las normas del establecimiento y el saludo.<\/span><\/p>\n<\/li>\n<li>\n<p data-path-to-node=\"7,3,0\"><span style=\"color: #000000\">Conexi\u00f3n con el entorno: Sentirse parte activa del barrio y de la comunidad.<\/span><\/p>\n<\/li>\n<\/ul>\n<p data-path-to-node=\"9\"><span style=\"color: #000000\">El proyecto &#8220;Mercacole&#8221; nace con la idea de que el aprendizaje m\u00e1s valioso es aquel que se puede usar en la vida real. Ver a nuestros chicos y chicas desenvolverse con seguridad en un entorno cotidiano nos llena de orgullo y nos motiva a seguir apostando por una educaci\u00f3n inclusiva y pr\u00e1ctica.<\/span><\/p>\n<p data-path-to-node=\"10\"><span style=\"color: #000000\">\u00a1Fue una jornada estupenda donde la teor\u00eda de clase se convirti\u00f3 en una experiencia real y divertida!<\/span><\/p>\nngg_shortcode_0_placeholder\n","protected":false},"excerpt":{"rendered":"<p>Esta semana, nuestros alumnos y alumnas del tercer ciclo de FBO han cambiado las aulas por los pasillos del supermercado. Dentro de nuestro proyecto anual de trabajo &#8220;Mercacole&#8221;, hemos realizado una salida muy especial al Mercadona de nuestra localidad. \u00bfQu\u00e9 hemos aprendido en esta aventura? M\u00e1s all\u00e1 de llenar el carrito, esta actividad es una [&hellip;]<\/p>\n","protected":false},"author":19267,"featured_media":1494,"comment_status":"closed","ping_status":"open","sticky":false,"template":"","format":"standard","meta":{"_et_pb_use_builder":"","_et_pb_old_content":"","_et_gb_content_width":"","ngg_post_thumbnail":0,"footnotes":""},"categories":[1],"tags":[],"aioseo_notices":[],"_links":{"self":[{"href":"https:\/\/blogsaverroes.juntadeandalucia.es\/centroeducacionespecialluispastoraprosmo\/wp-json\/wp\/v2\/posts\/1492"}],"collection":[{"href":"https:\/\/blogsaverroes.juntadeandalucia.es\/centroeducacionespecialluispastoraprosmo\/wp-json\/wp\/v2\/posts"}],"about":[{"href":"https:\/\/blogsaverroes.juntadeandalucia.es\/centroeducacionespecialluispastoraprosmo\/wp-json\/wp\/v2\/types\/post"}],"author":[{"embeddable":true,"href":"https:\/\/blogsaverroes.juntadeandalucia.es\/centroeducacionespecialluispastoraprosmo\/wp-json\/wp\/v2\/users\/19267"}],"replies":[{"embeddable":true,"href":"https:\/\/blogsaverroes.juntadeandalucia.es\/centroeducacionespecialluispastoraprosmo\/wp-json\/wp\/v2\/comments?post=1492"}],"version-history":[{"count":2,"href":"https:\/\/blogsaverroes.juntadeandalucia.es\/centroeducacionespecialluispastoraprosmo\/wp-json\/wp\/v2\/posts\/1492\/revisions"}],"predecessor-version":[{"id":1500,"href":"https:\/\/blogsaverroes.juntadeandalucia.es\/centroeducacionespecialluispastoraprosmo\/wp-json\/wp\/v2\/posts\/1492\/revisions\/1500"}],"wp:featuredmedia":[{"embeddable":true,"href":"https:\/\/blogsaverroes.juntadeandalucia.es\/centroeducacionespecialluispastoraprosmo\/wp-json\/wp\/v2\/media\/1494"}],"wp:attachment":[{"href":"https:\/\/blogsaverroes.juntadeandalucia.es\/centroeducacionespecialluispastoraprosmo\/wp-json\/wp\/v2\/media?parent=1492"}],"wp:term":[{"taxonomy":"category","embeddable":true,"href":"https:\/\/blogsaverroes.juntadeandalucia.es\/centroeducacionespecialluispastoraprosmo\/wp-json\/wp\/v2\/categories?post=1492"},{"taxonomy":"post_tag","embeddable":true,"href":"https:\/\/blogsaverroes.juntadeandalucia.es\/centroeducacionespecialluispastoraprosmo\/wp-json\/wp\/v2\/tags?post=1492"}],"curies":[{"name":"wp","href":"https:\/\/api.w.org\/{rel}","templated":true}]}}