{"id":1022,"date":"2021-01-28T13:49:10","date_gmt":"2021-01-28T13:49:10","guid":{"rendered":"https:\/\/blogsaverroes.juntadeandalucia.es\/centrosbilinguessevilla\/?p=1022"},"modified":"2021-01-28T13:49:10","modified_gmt":"2021-01-28T13:49:10","slug":"francofonia-2021","status":"publish","type":"post","link":"https:\/\/blogsaverroes.juntadeandalucia.es\/centrosbilinguessevilla\/2021\/01\/28\/francofonia-2021\/","title":{"rendered":"Francofon\u00eda 2021"},"content":{"rendered":"<p>El <a href=\"https:\/\/www.juntadeandalucia.es\/educacion\/portals\/web\/plurilinguismo\/inicio\">Portal de Pluriling\u00fcismo de la Consejer\u00eda<\/a> publica en la secci\u00f3n de novedades de hoy la informaci\u00f3n referida a los concursos que el <a href=\"https:\/\/www.institutfrancais.es\/\">Institut fran\u00e7ais Espagne<\/a> y la <a href=\"https:\/\/www.lafranceosi.com\/es\/inicio\/\">asociaci\u00f3n la France \u00f4 Si<\/a> convocan con motivo del mes de la Francofon\u00eda 2021. El <a href=\"https:\/\/www.education.gouv.fr\/semaine-de-la-langue-francaise-et-de-la-francophonie-7643\">D\u00eda internacional de la Francofon\u00eda<\/a> se celebrar\u00e1 el pr\u00f3ximo 20 de marzo.<\/p>\n<p style=\"text-align: center\"><span style=\"color: #ff0000\"><strong>Toda la informaci\u00f3n disponible a partir de la siguiente imagen<\/strong><\/span><\/p>\n<p><a href=\"https:\/\/www.juntadeandalucia.es\/educacion\/portals\/web\/plurilinguismo\/novedades\/-\/contenidos\/detalle\/mes-de-la-francophonie\"><img loading=\"lazy\" decoding=\"async\" class=\"aligncenter size-full wp-image-1023\" src=\"https:\/\/blogsaverroes.juntadeandalucia.es\/centrosbilinguessevilla\/files\/2021\/01\/Sin-t\u00edtulo-4.jpg\" alt=\"\" width=\"940\" height=\"458\" srcset=\"https:\/\/blogsaverroes.juntadeandalucia.es\/centrosbilinguessevilla\/files\/2021\/01\/Sin-t\u00edtulo-4.jpg 940w, https:\/\/blogsaverroes.juntadeandalucia.es\/centrosbilinguessevilla\/files\/2021\/01\/Sin-t\u00edtulo-4-300x146.jpg 300w, https:\/\/blogsaverroes.juntadeandalucia.es\/centrosbilinguessevilla\/files\/2021\/01\/Sin-t\u00edtulo-4-768x374.jpg 768w, https:\/\/blogsaverroes.juntadeandalucia.es\/centrosbilinguessevilla\/files\/2021\/01\/Sin-t\u00edtulo-4-24x12.jpg 24w, https:\/\/blogsaverroes.juntadeandalucia.es\/centrosbilinguessevilla\/files\/2021\/01\/Sin-t\u00edtulo-4-36x18.jpg 36w, https:\/\/blogsaverroes.juntadeandalucia.es\/centrosbilinguessevilla\/files\/2021\/01\/Sin-t\u00edtulo-4-48x23.jpg 48w\" sizes=\"(max-width: 940px) 100vw, 940px\" \/><\/a><\/p>\n","protected":false},"excerpt":{"rendered":"<p>El Portal de Pluriling\u00fcismo de la Consejer\u00eda publica en la secci\u00f3n de novedades de hoy la informaci\u00f3n referida a los concursos que el Institut fran\u00e7ais Espagne y la asociaci\u00f3n la France \u00f4 Si convocan&#46;&#46;&#46;<\/p>\n","protected":false},"author":1252,"featured_media":0,"comment_status":"open","ping_status":"open","sticky":false,"template":"","format":"standard","meta":{"ngg_post_thumbnail":0,"footnotes":""},"categories":[854,5],"tags":[],"aioseo_notices":[],"_links":{"self":[{"href":"https:\/\/blogsaverroes.juntadeandalucia.es\/centrosbilinguessevilla\/wp-json\/wp\/v2\/posts\/1022"}],"collection":[{"href":"https:\/\/blogsaverroes.juntadeandalucia.es\/centrosbilinguessevilla\/wp-json\/wp\/v2\/posts"}],"about":[{"href":"https:\/\/blogsaverroes.juntadeandalucia.es\/centrosbilinguessevilla\/wp-json\/wp\/v2\/types\/post"}],"author":[{"embeddable":true,"href":"https:\/\/blogsaverroes.juntadeandalucia.es\/centrosbilinguessevilla\/wp-json\/wp\/v2\/users\/1252"}],"replies":[{"embeddable":true,"href":"https:\/\/blogsaverroes.juntadeandalucia.es\/centrosbilinguessevilla\/wp-json\/wp\/v2\/comments?post=1022"}],"version-history":[{"count":1,"href":"https:\/\/blogsaverroes.juntadeandalucia.es\/centrosbilinguessevilla\/wp-json\/wp\/v2\/posts\/1022\/revisions"}],"predecessor-version":[{"id":1024,"href":"https:\/\/blogsaverroes.juntadeandalucia.es\/centrosbilinguessevilla\/wp-json\/wp\/v2\/posts\/1022\/revisions\/1024"}],"wp:attachment":[{"href":"https:\/\/blogsaverroes.juntadeandalucia.es\/centrosbilinguessevilla\/wp-json\/wp\/v2\/media?parent=1022"}],"wp:term":[{"taxonomy":"category","embeddable":true,"href":"https:\/\/blogsaverroes.juntadeandalucia.es\/centrosbilinguessevilla\/wp-json\/wp\/v2\/categories?post=1022"},{"taxonomy":"post_tag","embeddable":true,"href":"https:\/\/blogsaverroes.juntadeandalucia.es\/centrosbilinguessevilla\/wp-json\/wp\/v2\/tags?post=1022"}],"curies":[{"name":"wp","href":"https:\/\/api.w.org\/{rel}","templated":true}]}}