{"id":1031,"date":"2021-02-04T09:19:26","date_gmt":"2021-02-04T09:19:26","guid":{"rendered":"https:\/\/blogsaverroes.juntadeandalucia.es\/centrosbilinguessevilla\/?p=1031"},"modified":"2021-03-29T12:02:27","modified_gmt":"2021-03-29T12:02:27","slug":"1031","status":"publish","type":"post","link":"https:\/\/blogsaverroes.juntadeandalucia.es\/centrosbilinguessevilla\/2021\/02\/04\/1031\/","title":{"rendered":"Formaci\u00f3n Erasmus"},"content":{"rendered":"<p>Dentro del itinerario formativo de Erasmus que los CEP de nuestra provincia vienen desarrollando, se ha convocado una nueva actividad provincial sobre la <strong>gesti\u00f3n en la aplicaci\u00f3n S\u00e9neca de los proyectos europeos<\/strong>.<\/p>\n<p>El plazo de presentaci\u00f3n de <strong>solicitudes<\/strong> estar\u00e1 abierto <strong>hasta el 18 de febrero<\/strong> y la inscripci\u00f3n est\u00e1 accesible desde la siguiente imagen<\/p>\n<p><a href=\"https:\/\/www.juntadeandalucia.es\/educacion\/secretariavirtual\/consultaCEP\/actividad\/219930KPI266\/\"><img loading=\"lazy\" decoding=\"async\" class=\"aligncenter size-full wp-image-1032\" src=\"https:\/\/blogsaverroes.juntadeandalucia.es\/centrosbilinguessevilla\/files\/2021\/02\/Sin-t\u00edtulo.jpg\" alt=\"\" width=\"909\" height=\"107\" srcset=\"https:\/\/blogsaverroes.juntadeandalucia.es\/centrosbilinguessevilla\/files\/2021\/02\/Sin-t\u00edtulo.jpg 909w, https:\/\/blogsaverroes.juntadeandalucia.es\/centrosbilinguessevilla\/files\/2021\/02\/Sin-t\u00edtulo-300x35.jpg 300w, https:\/\/blogsaverroes.juntadeandalucia.es\/centrosbilinguessevilla\/files\/2021\/02\/Sin-t\u00edtulo-768x90.jpg 768w\" sizes=\"(max-width: 909px) 100vw, 909px\" \/><\/a><\/p>\n","protected":false},"excerpt":{"rendered":"<p>Dentro del itinerario formativo de Erasmus que los CEP de nuestra provincia vienen desarrollando, se ha convocado una nueva actividad provincial sobre la gesti\u00f3n en la aplicaci\u00f3n S\u00e9neca de los proyectos europeos. El plazo&#46;&#46;&#46;<\/p>\n","protected":false},"author":1252,"featured_media":0,"comment_status":"open","ping_status":"open","sticky":false,"template":"","format":"standard","meta":{"ngg_post_thumbnail":0,"footnotes":""},"categories":[21040],"tags":[],"aioseo_notices":[],"_links":{"self":[{"href":"https:\/\/blogsaverroes.juntadeandalucia.es\/centrosbilinguessevilla\/wp-json\/wp\/v2\/posts\/1031"}],"collection":[{"href":"https:\/\/blogsaverroes.juntadeandalucia.es\/centrosbilinguessevilla\/wp-json\/wp\/v2\/posts"}],"about":[{"href":"https:\/\/blogsaverroes.juntadeandalucia.es\/centrosbilinguessevilla\/wp-json\/wp\/v2\/types\/post"}],"author":[{"embeddable":true,"href":"https:\/\/blogsaverroes.juntadeandalucia.es\/centrosbilinguessevilla\/wp-json\/wp\/v2\/users\/1252"}],"replies":[{"embeddable":true,"href":"https:\/\/blogsaverroes.juntadeandalucia.es\/centrosbilinguessevilla\/wp-json\/wp\/v2\/comments?post=1031"}],"version-history":[{"count":2,"href":"https:\/\/blogsaverroes.juntadeandalucia.es\/centrosbilinguessevilla\/wp-json\/wp\/v2\/posts\/1031\/revisions"}],"predecessor-version":[{"id":1080,"href":"https:\/\/blogsaverroes.juntadeandalucia.es\/centrosbilinguessevilla\/wp-json\/wp\/v2\/posts\/1031\/revisions\/1080"}],"wp:attachment":[{"href":"https:\/\/blogsaverroes.juntadeandalucia.es\/centrosbilinguessevilla\/wp-json\/wp\/v2\/media?parent=1031"}],"wp:term":[{"taxonomy":"category","embeddable":true,"href":"https:\/\/blogsaverroes.juntadeandalucia.es\/centrosbilinguessevilla\/wp-json\/wp\/v2\/categories?post=1031"},{"taxonomy":"post_tag","embeddable":true,"href":"https:\/\/blogsaverroes.juntadeandalucia.es\/centrosbilinguessevilla\/wp-json\/wp\/v2\/tags?post=1031"}],"curies":[{"name":"wp","href":"https:\/\/api.w.org\/{rel}","templated":true}]}}