{"id":1037,"date":"2021-02-09T09:37:03","date_gmt":"2021-02-09T09:37:03","guid":{"rendered":"https:\/\/blogsaverroes.juntadeandalucia.es\/centrosbilinguessevilla\/?p=1037"},"modified":"2021-02-09T09:38:04","modified_gmt":"2021-02-09T09:38:04","slug":"1037","status":"publish","type":"post","link":"https:\/\/blogsaverroes.juntadeandalucia.es\/centrosbilinguessevilla\/2021\/02\/09\/1037\/","title":{"rendered":"XV Edici\u00f3n Premio J\u00f3venes Andaluces Construyendo Europa &#8211; JACE"},"content":{"rendered":"<p>En la secci\u00f3n de novedades de la p\u00e1gina de la Consejer\u00eda se public\u00f3 en el d\u00eda de ayer la referencia al Premio J\u00f3venes Andaluces Construyendo Europa &#8211; JACE.<\/p>\n<p>En nuestra provincia el Centro Europe Direct de referencia plantea, como tema para esta XV edici\u00f3n del Premio, el Futuro de Europa.<\/p>\n<p style=\"text-align: center\"><span style=\"color: #008000\"><strong>Estoy convencido de la importancia de que las\/los j\u00f3venes reflexionen sobre esta cuesti\u00f3n, sobre todo, en las actuales circunstancias y ante los retos que la realidad nos est\u00e1 planteando y que, sin duda alguna, van a determinar el mundo en el que van a desarrollarse.<\/strong> <\/span><\/p>\n<p style=\"text-align: center\"><strong><span style=\"color: #ff0000\">Toda la informaci\u00f3n disponible a partir de la siguiente imagen<\/span><\/strong><\/p>\n<p>&nbsp;<\/p>\n<p><a href=\"https:\/\/juntadeandalucia.es\/organismos\/presidenciaadministracionpublicaeinterior\/areas\/accion-exterior\/red-informacion-europea\/paginas\/premio-europa-jace.html\"><img loading=\"lazy\" decoding=\"async\" class=\"aligncenter size-full wp-image-1038\" src=\"https:\/\/blogsaverroes.juntadeandalucia.es\/centrosbilinguessevilla\/files\/2021\/02\/Sin-t\u00edtulo-2.jpg\" alt=\"\" width=\"948\" height=\"681\" srcset=\"https:\/\/blogsaverroes.juntadeandalucia.es\/centrosbilinguessevilla\/files\/2021\/02\/Sin-t\u00edtulo-2.jpg 948w, https:\/\/blogsaverroes.juntadeandalucia.es\/centrosbilinguessevilla\/files\/2021\/02\/Sin-t\u00edtulo-2-300x216.jpg 300w, https:\/\/blogsaverroes.juntadeandalucia.es\/centrosbilinguessevilla\/files\/2021\/02\/Sin-t\u00edtulo-2-768x552.jpg 768w\" sizes=\"(max-width: 948px) 100vw, 948px\" \/><\/a><\/p>\n<p>&nbsp;<\/p>\n<p style=\"text-align: center\"><span style=\"color: #0000ff\"><strong>El plazo para la presentaci\u00f3n de los formularios de solicitud (Anexo I) para la Primera Fase del concurso se inici\u00f3 el 25 de enero y finalizar\u00e1 el25 de febrero de 2021.<\/strong><\/span><\/p>\n","protected":false},"excerpt":{"rendered":"<p>En la secci\u00f3n de novedades de la p\u00e1gina de la Consejer\u00eda se public\u00f3 en el d\u00eda de ayer la referencia al Premio J\u00f3venes Andaluces Construyendo Europa &#8211; JACE. En nuestra provincia el Centro Europe&#46;&#46;&#46;<\/p>\n","protected":false},"author":1252,"featured_media":0,"comment_status":"open","ping_status":"open","sticky":false,"template":"","format":"standard","meta":{"ngg_post_thumbnail":0,"footnotes":""},"categories":[796347],"tags":[],"aioseo_notices":[],"_links":{"self":[{"href":"https:\/\/blogsaverroes.juntadeandalucia.es\/centrosbilinguessevilla\/wp-json\/wp\/v2\/posts\/1037"}],"collection":[{"href":"https:\/\/blogsaverroes.juntadeandalucia.es\/centrosbilinguessevilla\/wp-json\/wp\/v2\/posts"}],"about":[{"href":"https:\/\/blogsaverroes.juntadeandalucia.es\/centrosbilinguessevilla\/wp-json\/wp\/v2\/types\/post"}],"author":[{"embeddable":true,"href":"https:\/\/blogsaverroes.juntadeandalucia.es\/centrosbilinguessevilla\/wp-json\/wp\/v2\/users\/1252"}],"replies":[{"embeddable":true,"href":"https:\/\/blogsaverroes.juntadeandalucia.es\/centrosbilinguessevilla\/wp-json\/wp\/v2\/comments?post=1037"}],"version-history":[{"count":2,"href":"https:\/\/blogsaverroes.juntadeandalucia.es\/centrosbilinguessevilla\/wp-json\/wp\/v2\/posts\/1037\/revisions"}],"predecessor-version":[{"id":1040,"href":"https:\/\/blogsaverroes.juntadeandalucia.es\/centrosbilinguessevilla\/wp-json\/wp\/v2\/posts\/1037\/revisions\/1040"}],"wp:attachment":[{"href":"https:\/\/blogsaverroes.juntadeandalucia.es\/centrosbilinguessevilla\/wp-json\/wp\/v2\/media?parent=1037"}],"wp:term":[{"taxonomy":"category","embeddable":true,"href":"https:\/\/blogsaverroes.juntadeandalucia.es\/centrosbilinguessevilla\/wp-json\/wp\/v2\/categories?post=1037"},{"taxonomy":"post_tag","embeddable":true,"href":"https:\/\/blogsaverroes.juntadeandalucia.es\/centrosbilinguessevilla\/wp-json\/wp\/v2\/tags?post=1037"}],"curies":[{"name":"wp","href":"https:\/\/api.w.org\/{rel}","templated":true}]}}