{"id":106,"date":"2018-10-22T20:31:55","date_gmt":"2018-10-22T20:31:55","guid":{"rendered":"https:\/\/blogsaverroes.juntadeandalucia.es\/centrosbilinguessevilla\/?p=106"},"modified":"2018-10-22T20:31:55","modified_gmt":"2018-10-22T20:31:55","slug":"listas-definitivas-de-admision-y-adjudicacion-actividades-c1","status":"publish","type":"post","link":"https:\/\/blogsaverroes.juntadeandalucia.es\/centrosbilinguessevilla\/2018\/10\/22\/listas-definitivas-de-admision-y-adjudicacion-actividades-c1\/","title":{"rendered":"Listas definitivas de admisi\u00f3n y adjudicaci\u00f3n actividades C1"},"content":{"rendered":"<p>En la secci\u00f3n de novedades de la p\u00e1gina de la Consejer\u00eda se han publicado hoy, d\u00eda 22, <a href=\"http:\/\/www.juntadeandalucia.es\/educacion\/portals\/web\/ced\/novedades\/-\/contenidos\/detalle\/listas-definitivos-de-admision-y-adjudicacion-en-las-actividades-de-formacion-del-profesorado-para-la-adquisicion-del\">las listas definitivas de admisi\u00f3n y adjudicaci\u00f3n en las actividades de formaci\u00f3n del profesorado para la adquisici\u00f3n del nivel C1 en ingl\u00e9s, franc\u00e9s y alem\u00e1n.<\/a><\/p>\n<p>La previsi\u00f3n es que las clases empiecen a partir del d\u00eda 24 de octubre en los turnos y horarios asignados por las EOI y publicados a trav\u00e9s de sus tablones de anuncios y respectivas p\u00e1ginas web.<\/p>\n","protected":false},"excerpt":{"rendered":"<p>En la secci\u00f3n de novedades de la p\u00e1gina de la Consejer\u00eda se han publicado hoy, d\u00eda 22, las listas definitivas de admisi\u00f3n y adjudicaci\u00f3n en las actividades de formaci\u00f3n del profesorado para la adquisici\u00f3n&#46;&#46;&#46;<\/p>\n","protected":false},"author":1252,"featured_media":0,"comment_status":"open","ping_status":"open","sticky":false,"template":"","format":"standard","meta":{"ngg_post_thumbnail":0,"footnotes":""},"categories":[5],"tags":[],"aioseo_notices":[],"_links":{"self":[{"href":"https:\/\/blogsaverroes.juntadeandalucia.es\/centrosbilinguessevilla\/wp-json\/wp\/v2\/posts\/106"}],"collection":[{"href":"https:\/\/blogsaverroes.juntadeandalucia.es\/centrosbilinguessevilla\/wp-json\/wp\/v2\/posts"}],"about":[{"href":"https:\/\/blogsaverroes.juntadeandalucia.es\/centrosbilinguessevilla\/wp-json\/wp\/v2\/types\/post"}],"author":[{"embeddable":true,"href":"https:\/\/blogsaverroes.juntadeandalucia.es\/centrosbilinguessevilla\/wp-json\/wp\/v2\/users\/1252"}],"replies":[{"embeddable":true,"href":"https:\/\/blogsaverroes.juntadeandalucia.es\/centrosbilinguessevilla\/wp-json\/wp\/v2\/comments?post=106"}],"version-history":[{"count":1,"href":"https:\/\/blogsaverroes.juntadeandalucia.es\/centrosbilinguessevilla\/wp-json\/wp\/v2\/posts\/106\/revisions"}],"predecessor-version":[{"id":107,"href":"https:\/\/blogsaverroes.juntadeandalucia.es\/centrosbilinguessevilla\/wp-json\/wp\/v2\/posts\/106\/revisions\/107"}],"wp:attachment":[{"href":"https:\/\/blogsaverroes.juntadeandalucia.es\/centrosbilinguessevilla\/wp-json\/wp\/v2\/media?parent=106"}],"wp:term":[{"taxonomy":"category","embeddable":true,"href":"https:\/\/blogsaverroes.juntadeandalucia.es\/centrosbilinguessevilla\/wp-json\/wp\/v2\/categories?post=106"},{"taxonomy":"post_tag","embeddable":true,"href":"https:\/\/blogsaverroes.juntadeandalucia.es\/centrosbilinguessevilla\/wp-json\/wp\/v2\/tags?post=106"}],"curies":[{"name":"wp","href":"https:\/\/api.w.org\/{rel}","templated":true}]}}