{"id":1086,"date":"2021-03-25T08:00:23","date_gmt":"2021-03-25T08:00:23","guid":{"rendered":"https:\/\/blogsaverroes.juntadeandalucia.es\/centrosbilinguessevilla\/?p=1086"},"modified":"2021-03-25T13:18:51","modified_gmt":"2021-03-25T13:18:51","slug":"convocatoria-centros-receptores-de-docentes-extranjeras-os","status":"publish","type":"post","link":"https:\/\/blogsaverroes.juntadeandalucia.es\/centrosbilinguessevilla\/2021\/03\/25\/convocatoria-centros-receptores-de-docentes-extranjeras-os\/","title":{"rendered":"Convocatoria centros receptores de docentes extranjeras\/os"},"content":{"rendered":"<p>El BOE del 23 de marzo publica la Resoluci\u00f3n de 9 de marzo de 2021, de la Secretar\u00eda de Estado de Educaci\u00f3n, por la que se convocan plazas para centros educativos de Educaci\u00f3n Infantil y Primaria, Ense\u00f1anza Secundaria, Formaci\u00f3n Profesional o de Ense\u00f1anzas de R\u00e9gimen Especial que deseen acoger a un docente extranjero\/a para el curso 2021\/2022.<\/p>\n<p>El objetivo de estas estancias de profesorado extranjero en nuestros centros es favorecer los intercambios culturales, contrastar enfoques metodol\u00f3gicos, fomentar el aprendizaje de lenguas extranjeras y la participaci\u00f3n en programas educativos europeos. <span style=\"color: #ff0000\"><strong>Los centros interesados presentar\u00e1n su solicitud a trav\u00e9s de la sede electr\u00f3nica del MEFP, desde el 24 de marzo hasta el 22 de abril de 2021.<\/strong><\/span><\/p>\n<p style=\"text-align: center\"><span style=\"color: #0000ff\"><strong>Toda la informaci\u00f3n sobre la convocatoria as\u00ed como informaci\u00f3n pr\u00e1ctica y ejemplos de otras experiencias en el blog de Estancias Profesionales y Preguntas frecuentes est\u00e1n disponibles desde la siguiente imagen<\/strong><\/span><\/p>\n<p><a href=\"https:\/\/www.educacionyfp.gob.es\/servicios-al-ciudadano\/catalogo\/centros-docentes\/becas-ayudas-subvenciones\/no-universitarios\/estancias-profesionales-para-centros.html\"><img loading=\"lazy\" decoding=\"async\" class=\"aligncenter size-full wp-image-1087\" src=\"https:\/\/blogsaverroes.juntadeandalucia.es\/centrosbilinguessevilla\/files\/2021\/03\/Sin-t\u00edtulo-1.jpg\" alt=\"\" width=\"1104\" height=\"785\" srcset=\"https:\/\/blogsaverroes.juntadeandalucia.es\/centrosbilinguessevilla\/files\/2021\/03\/Sin-t\u00edtulo-1.jpg 1104w, https:\/\/blogsaverroes.juntadeandalucia.es\/centrosbilinguessevilla\/files\/2021\/03\/Sin-t\u00edtulo-1-300x213.jpg 300w, https:\/\/blogsaverroes.juntadeandalucia.es\/centrosbilinguessevilla\/files\/2021\/03\/Sin-t\u00edtulo-1-1024x728.jpg 1024w, https:\/\/blogsaverroes.juntadeandalucia.es\/centrosbilinguessevilla\/files\/2021\/03\/Sin-t\u00edtulo-1-768x546.jpg 768w\" sizes=\"(max-width: 1104px) 100vw, 1104px\" \/><\/a><\/p>\n<p>&nbsp;<\/p>\n","protected":false},"excerpt":{"rendered":"<p>El BOE del 23 de marzo publica la Resoluci\u00f3n de 9 de marzo de 2021, de la Secretar\u00eda de Estado de Educaci\u00f3n, por la que se convocan plazas para centros educativos de Educaci\u00f3n Infantil&#46;&#46;&#46;<\/p>\n","protected":false},"author":1252,"featured_media":0,"comment_status":"open","ping_status":"open","sticky":false,"template":"","format":"standard","meta":{"ngg_post_thumbnail":0,"footnotes":""},"categories":[5],"tags":[],"aioseo_notices":[],"_links":{"self":[{"href":"https:\/\/blogsaverroes.juntadeandalucia.es\/centrosbilinguessevilla\/wp-json\/wp\/v2\/posts\/1086"}],"collection":[{"href":"https:\/\/blogsaverroes.juntadeandalucia.es\/centrosbilinguessevilla\/wp-json\/wp\/v2\/posts"}],"about":[{"href":"https:\/\/blogsaverroes.juntadeandalucia.es\/centrosbilinguessevilla\/wp-json\/wp\/v2\/types\/post"}],"author":[{"embeddable":true,"href":"https:\/\/blogsaverroes.juntadeandalucia.es\/centrosbilinguessevilla\/wp-json\/wp\/v2\/users\/1252"}],"replies":[{"embeddable":true,"href":"https:\/\/blogsaverroes.juntadeandalucia.es\/centrosbilinguessevilla\/wp-json\/wp\/v2\/comments?post=1086"}],"version-history":[{"count":2,"href":"https:\/\/blogsaverroes.juntadeandalucia.es\/centrosbilinguessevilla\/wp-json\/wp\/v2\/posts\/1086\/revisions"}],"predecessor-version":[{"id":1089,"href":"https:\/\/blogsaverroes.juntadeandalucia.es\/centrosbilinguessevilla\/wp-json\/wp\/v2\/posts\/1086\/revisions\/1089"}],"wp:attachment":[{"href":"https:\/\/blogsaverroes.juntadeandalucia.es\/centrosbilinguessevilla\/wp-json\/wp\/v2\/media?parent=1086"}],"wp:term":[{"taxonomy":"category","embeddable":true,"href":"https:\/\/blogsaverroes.juntadeandalucia.es\/centrosbilinguessevilla\/wp-json\/wp\/v2\/categories?post=1086"},{"taxonomy":"post_tag","embeddable":true,"href":"https:\/\/blogsaverroes.juntadeandalucia.es\/centrosbilinguessevilla\/wp-json\/wp\/v2\/tags?post=1086"}],"curies":[{"name":"wp","href":"https:\/\/api.w.org\/{rel}","templated":true}]}}