{"id":1161,"date":"2021-04-26T00:53:09","date_gmt":"2021-04-26T00:53:09","guid":{"rendered":"https:\/\/blogsaverroes.juntadeandalucia.es\/centrosbilinguessevilla\/?p=1161"},"modified":"2021-04-27T06:05:31","modified_gmt":"2021-04-27T06:05:31","slug":"jornadas-anuales-de-difusion-erasmus-3","status":"publish","type":"post","link":"https:\/\/blogsaverroes.juntadeandalucia.es\/centrosbilinguessevilla\/2021\/04\/26\/jornadas-anuales-de-difusion-erasmus-3\/","title":{"rendered":"Jornadas Anuales de Difusi\u00f3n Erasmus+"},"content":{"rendered":"<p>En la p\u00e1gina del <a href=\"http:\/\/sepie.es\/\">SEPIE<\/a> se encuentran disponibles los v\u00eddeos y las presentaciones de las Jornadas Nacionales de Difusi\u00f3n Erasmus+ celebradas los pasados 20, 21 y 22 abril en formato virtual.<\/p>\n<p>Desde la p\u00e1gina de inicio, acceder al <em>Men\u00fa, <\/em>ir a <em>Jornadas<\/em> y seleccionar <em>Abril <\/em>o pinchar en la siguiente imagen:<\/p>\n<p><a href=\"http:\/\/sepie.es\/comunicacion\/jornadas\/index.html\"><img loading=\"lazy\" decoding=\"async\" class=\"size-full wp-image-1162 alignleft\" src=\"https:\/\/blogsaverroes.juntadeandalucia.es\/centrosbilinguessevilla\/files\/2021\/04\/Sin-t\u00edtulo-8.jpg\" alt=\"\" width=\"596\" height=\"545\" srcset=\"https:\/\/blogsaverroes.juntadeandalucia.es\/centrosbilinguessevilla\/files\/2021\/04\/Sin-t\u00edtulo-8.jpg 596w, https:\/\/blogsaverroes.juntadeandalucia.es\/centrosbilinguessevilla\/files\/2021\/04\/Sin-t\u00edtulo-8-300x274.jpg 300w\" sizes=\"(max-width: 596px) 100vw, 596px\" \/><\/a><\/p>\n<p style=\"text-align: center\"><span style=\"color: #000080\"><strong>Ahora que empieza un nuevo programa Erasmus+ para el per\u00edodo 2021\/27 conviene disponer de estos materiales de referencia y estar al tanto de las novedades que el nuevo programa aporta.<\/strong><\/span><\/p>\n","protected":false},"excerpt":{"rendered":"<p>En la p\u00e1gina del SEPIE se encuentran disponibles los v\u00eddeos y las presentaciones de las Jornadas Nacionales de Difusi\u00f3n Erasmus+ celebradas los pasados 20, 21 y 22 abril en formato virtual. Desde la p\u00e1gina&#46;&#46;&#46;<\/p>\n","protected":false},"author":1252,"featured_media":0,"comment_status":"open","ping_status":"open","sticky":false,"template":"","format":"standard","meta":{"ngg_post_thumbnail":0,"footnotes":""},"categories":[21040],"tags":[],"aioseo_notices":[],"_links":{"self":[{"href":"https:\/\/blogsaverroes.juntadeandalucia.es\/centrosbilinguessevilla\/wp-json\/wp\/v2\/posts\/1161"}],"collection":[{"href":"https:\/\/blogsaverroes.juntadeandalucia.es\/centrosbilinguessevilla\/wp-json\/wp\/v2\/posts"}],"about":[{"href":"https:\/\/blogsaverroes.juntadeandalucia.es\/centrosbilinguessevilla\/wp-json\/wp\/v2\/types\/post"}],"author":[{"embeddable":true,"href":"https:\/\/blogsaverroes.juntadeandalucia.es\/centrosbilinguessevilla\/wp-json\/wp\/v2\/users\/1252"}],"replies":[{"embeddable":true,"href":"https:\/\/blogsaverroes.juntadeandalucia.es\/centrosbilinguessevilla\/wp-json\/wp\/v2\/comments?post=1161"}],"version-history":[{"count":2,"href":"https:\/\/blogsaverroes.juntadeandalucia.es\/centrosbilinguessevilla\/wp-json\/wp\/v2\/posts\/1161\/revisions"}],"predecessor-version":[{"id":1164,"href":"https:\/\/blogsaverroes.juntadeandalucia.es\/centrosbilinguessevilla\/wp-json\/wp\/v2\/posts\/1161\/revisions\/1164"}],"wp:attachment":[{"href":"https:\/\/blogsaverroes.juntadeandalucia.es\/centrosbilinguessevilla\/wp-json\/wp\/v2\/media?parent=1161"}],"wp:term":[{"taxonomy":"category","embeddable":true,"href":"https:\/\/blogsaverroes.juntadeandalucia.es\/centrosbilinguessevilla\/wp-json\/wp\/v2\/categories?post=1161"},{"taxonomy":"post_tag","embeddable":true,"href":"https:\/\/blogsaverroes.juntadeandalucia.es\/centrosbilinguessevilla\/wp-json\/wp\/v2\/tags?post=1161"}],"curies":[{"name":"wp","href":"https:\/\/api.w.org\/{rel}","templated":true}]}}