{"id":118,"date":"2018-11-05T12:14:33","date_gmt":"2018-11-05T12:14:33","guid":{"rendered":"https:\/\/blogsaverroes.juntadeandalucia.es\/centrosbilinguessevilla\/?p=118"},"modified":"2018-11-15T20:37:26","modified_gmt":"2018-11-15T20:37:26","slug":"118","status":"publish","type":"post","link":"https:\/\/blogsaverroes.juntadeandalucia.es\/centrosbilinguessevilla\/2018\/11\/05\/118\/","title":{"rendered":"Jornada informativa Programa Profesores Visitantes en Estados Unidos, Canad\u00e1 y Reino Unido,  y Secciones Biling\u00fces en Centro Europa, Rusia y China"},"content":{"rendered":"<p align=\"justify\"><img loading=\"lazy\" decoding=\"async\" class=\"alignleft size-full wp-image-119\" src=\"https:\/\/blogsaverroes.juntadeandalucia.es\/centrosbilinguessevilla\/files\/2018\/11\/MEFP.Gob_.Web-72px.jpg\" alt=\"\" width=\"297\" height=\"72\" srcset=\"https:\/\/blogsaverroes.juntadeandalucia.es\/centrosbilinguessevilla\/files\/2018\/11\/MEFP.Gob_.Web-72px.jpg 297w, https:\/\/blogsaverroes.juntadeandalucia.es\/centrosbilinguessevilla\/files\/2018\/11\/MEFP.Gob_.Web-72px-24x6.jpg 24w, https:\/\/blogsaverroes.juntadeandalucia.es\/centrosbilinguessevilla\/files\/2018\/11\/MEFP.Gob_.Web-72px-36x9.jpg 36w, https:\/\/blogsaverroes.juntadeandalucia.es\/centrosbilinguessevilla\/files\/2018\/11\/MEFP.Gob_.Web-72px-48x12.jpg 48w\" sizes=\"(max-width: 297px) 100vw, 297px\" \/><\/p>\n<p align=\"justify\"><img loading=\"lazy\" decoding=\"async\" class=\"alignright size-medium wp-image-120\" src=\"https:\/\/blogsaverroes.juntadeandalucia.es\/centrosbilinguessevilla\/files\/2018\/11\/Sin-t\u00edtulo_2-300x71.jpg\" alt=\"\" width=\"300\" height=\"71\" srcset=\"https:\/\/blogsaverroes.juntadeandalucia.es\/centrosbilinguessevilla\/files\/2018\/11\/Sin-t\u00edtulo_2-300x71.jpg 300w, https:\/\/blogsaverroes.juntadeandalucia.es\/centrosbilinguessevilla\/files\/2018\/11\/Sin-t\u00edtulo_2-24x6.jpg 24w, https:\/\/blogsaverroes.juntadeandalucia.es\/centrosbilinguessevilla\/files\/2018\/11\/Sin-t\u00edtulo_2-36x8.jpg 36w, https:\/\/blogsaverroes.juntadeandalucia.es\/centrosbilinguessevilla\/files\/2018\/11\/Sin-t\u00edtulo_2-48x11.jpg 48w, https:\/\/blogsaverroes.juntadeandalucia.es\/centrosbilinguessevilla\/files\/2018\/11\/Sin-t\u00edtulo_2.jpg 454w\" sizes=\"(max-width: 300px) 100vw, 300px\" \/><\/p>\n<p align=\"justify\">&nbsp;<\/p>\n<p align=\"justify\">&nbsp;<\/p>\n<p align=\"justify\">&nbsp;<\/p>\n<p class=\"western\" align=\"justify\"><span style=\"font-family: NewsGotT\"><span style=\"font-size: medium\">Con el objetivo de difundir la<\/span><\/span><span style=\"font-family: NewsGotT\"><span style=\"font-size: medium\">s convocatorias de programas internacionales del Ministerio de Educaci\u00f3n y Formaci\u00f3n Profesional, organizada por la Consejer\u00eda de Educaci\u00f3n a trav\u00e9s de la Delegaci\u00f3n Territorial, <\/span><\/span><span style=\"font-family: NewsGotT\"><span style=\"font-size: medium\">el <\/span><\/span><strong><span style=\"font-family: NewsGotT\"><span style=\"font-size: medium\">jueves<\/span><\/span><span style=\"font-family: NewsGotT\"><span style=\"font-size: medium\"> d\u00eda <\/span><\/span><span style=\"font-family: NewsGotT\"><span style=\"font-size: medium\">15<\/span><\/span><span style=\"font-family: NewsGotT\"><span style=\"font-size: medium\"> de <\/span><\/span><span style=\"font-family: NewsGotT\"><span style=\"font-size: medium\">noviembre <\/span><\/span><\/strong><span style=\"font-family: NewsGotT\"><span style=\"font-size: medium\">de 2018, de las 1<\/span><\/span><span style=\"font-family: NewsGotT\"><span style=\"font-size: medium\">6<\/span><\/span><span style=\"font-family: NewsGotT\"><span style=\"font-size: medium\">,30h a las <\/span><\/span><span style=\"font-family: NewsGotT\"><span style=\"font-size: medium\">20,00<\/span><\/span><span style=\"font-family: NewsGotT\"><span style=\"font-size: medium\"> h, se celebrar\u00e1 en el <strong>Sal\u00f3n de Actos de <\/strong><\/span><\/span><span style=\"font-size: medium\"><strong><span style=\"font-family: NewsGotT\">la Delegaci\u00f3n Territorial de Educaci\u00f3n <\/span><\/strong><\/span><span style=\"font-family: NewsGotT\"><span style=\"font-size: medium\">( <\/span><\/span><span style=\"font-family: NewsGotT\"><span style=\"font-size: medium\">Ronda del Tamarguillo s\/n Edificio Antiguo Matadero 41005 Sevilla<\/span><\/span><span style=\"font-family: NewsGotT\"><span style=\"font-size: medium\"> ) una <strong>Jornada Provincial informativa<\/strong> a la que se invita a <\/span><\/span><span style=\"font-family: NewsGotT\"><span style=\"font-size: medium\">las personas interesadas en participar en la<\/span><\/span><span style=\"font-family: NewsGotT\"><span style=\"font-size: medium\">s<\/span><\/span><span style=\"font-family: NewsGotT\"><span style=\"font-size: medium\"> convocatoria<\/span><\/span><span style=\"font-family: NewsGotT\"><span style=\"font-size: medium\">s<\/span><\/span><span style=\"font-family: NewsGotT\"><span style=\"font-size: medium\"> del Programa de Profesores visitantes en Estados Unidos, Canad\u00e1 y Reino Unido, y Secciones Biling\u00fces <\/span><\/span><span style=\"font-family: NewsGotT\"><span style=\"font-size: medium\">en Centro Europa, Rusia y China<\/span><\/span><span style=\"font-family: NewsGotT\"><span style=\"font-size: medium\">. <\/span><\/span><\/p>\n<p class=\"western\" style=\"text-align: center\" align=\"justify\"><span style=\"font-family: NewsGotT\"><span style=\"font-size: medium\">&nbsp; <span style=\"color: #008000\"><strong>PROGRAMA<\/strong><\/span><\/span><\/span><\/p>\n<p align=\"justify\"><span style=\"color: #ff0000\">*Los materiales de la Jornada est\u00e1n accesibles pinchando en el t\u00edtulo de la presentaci\u00f3n.<\/span><\/p>\n<p class=\"western\" align=\"justify\"><span style=\"font-size: medium;color: #000000\"><strong><span style=\"font-family: NewsGotT\"> 16,30 h \/17,00 h&nbsp;&nbsp;&nbsp;&nbsp;&nbsp;&nbsp;&nbsp;&nbsp;&nbsp;&nbsp;&nbsp;&nbsp;&nbsp; Recepci\u00f3n<\/span><\/strong><\/span><\/p>\n<p class=\"western\" align=\"justify\"><span style=\"font-size: medium;color: #000000\"><strong><span style=\"font-family: NewsGotT\"> 17,00 h \/19,30 h&nbsp;&nbsp;&nbsp;&nbsp;&nbsp;&nbsp;&nbsp;&nbsp;<a href=\"https:\/\/blogsaverroes.juntadeandalucia.es\/centrosbilinguessevilla\/files\/2018\/11\/Presentaci\u00f3n-Programa-de-Profesores-visitantes-en-Estados-Unidos-Canad\u00e1-y-Reino-Unido-y-Canada-y-Secciones-Biling\u00fces-en-Centro-Europa-Rusia-y-China.pdf.pdf\">Presentaci\u00f3n Programa de Profesores visitantes en Estados Unidos, Canad\u00e1 y Reino Unido y Canada, y Secciones Biling\u00fces en Centro Europa, Rusia y China.&nbsp;<\/a><\/span><\/strong><strong><span style=\"font-family: NewsGotT\">D Antonio J Go\u00f1i Mues, Asesor t\u00e9cnico docente. Subdirecci\u00f3n General de Cooperaci\u00f3n Internacional y Promoci\u00f3n Exterior Educativa. MEFP<\/span><\/strong><\/span><\/p>\n<p class=\"western\" align=\"justify\"><span style=\"font-size: medium;color: #000000\"><strong><span style=\"font-family: NewsGotT\"> 19,30 h \/ 20,00 h&nbsp;&nbsp;&nbsp;&nbsp;&nbsp;&nbsp;&nbsp;&nbsp;&nbsp;&nbsp;&nbsp; Presentaci\u00f3n de experiencias de profesores visitantes andaluces. D Jos\u00e9 L de la Matta Mart\u00edn, D V\u00edctor Garc\u00eda Morano.<br \/>\n<\/span><\/strong><\/span><\/p>\n<p class=\"western\" align=\"justify\"><span style=\"font-family: NewsGotT\"><span style=\"font-size: medium\"> Por razones de aforo y para dar cabida a todas las personas interesadas en participar en la actividad, se ruega muy encarecidamente confirme su asistencia cumplimentando el siguiente <strong>formulario de inscripci\u00f3n<\/strong>: <a href=\"https:\/\/goo.gl\/forms\/wVWOWEu6fcLlwGSn1\"><strong>https:\/\/goo.gl\/forms\/wVWOWEu6fcLlwGSn1&nbsp;<\/strong><\/a><strong> hasta el martes 13 de noviembre.<\/strong><\/span><\/span><\/p>\n","protected":false},"excerpt":{"rendered":"<p>&nbsp; &nbsp; &nbsp; Con el objetivo de difundir las convocatorias de programas internacionales del Ministerio de Educaci\u00f3n y Formaci\u00f3n Profesional, organizada por la Consejer\u00eda de Educaci\u00f3n a trav\u00e9s de la Delegaci\u00f3n Territorial, el jueves&#46;&#46;&#46;<\/p>\n","protected":false},"author":1252,"featured_media":0,"comment_status":"open","ping_status":"open","sticky":false,"template":"","format":"standard","meta":{"ngg_post_thumbnail":0,"footnotes":""},"categories":[5],"tags":[],"aioseo_notices":[],"_links":{"self":[{"href":"https:\/\/blogsaverroes.juntadeandalucia.es\/centrosbilinguessevilla\/wp-json\/wp\/v2\/posts\/118"}],"collection":[{"href":"https:\/\/blogsaverroes.juntadeandalucia.es\/centrosbilinguessevilla\/wp-json\/wp\/v2\/posts"}],"about":[{"href":"https:\/\/blogsaverroes.juntadeandalucia.es\/centrosbilinguessevilla\/wp-json\/wp\/v2\/types\/post"}],"author":[{"embeddable":true,"href":"https:\/\/blogsaverroes.juntadeandalucia.es\/centrosbilinguessevilla\/wp-json\/wp\/v2\/users\/1252"}],"replies":[{"embeddable":true,"href":"https:\/\/blogsaverroes.juntadeandalucia.es\/centrosbilinguessevilla\/wp-json\/wp\/v2\/comments?post=118"}],"version-history":[{"count":12,"href":"https:\/\/blogsaverroes.juntadeandalucia.es\/centrosbilinguessevilla\/wp-json\/wp\/v2\/posts\/118\/revisions"}],"predecessor-version":[{"id":146,"href":"https:\/\/blogsaverroes.juntadeandalucia.es\/centrosbilinguessevilla\/wp-json\/wp\/v2\/posts\/118\/revisions\/146"}],"wp:attachment":[{"href":"https:\/\/blogsaverroes.juntadeandalucia.es\/centrosbilinguessevilla\/wp-json\/wp\/v2\/media?parent=118"}],"wp:term":[{"taxonomy":"category","embeddable":true,"href":"https:\/\/blogsaverroes.juntadeandalucia.es\/centrosbilinguessevilla\/wp-json\/wp\/v2\/categories?post=118"},{"taxonomy":"post_tag","embeddable":true,"href":"https:\/\/blogsaverroes.juntadeandalucia.es\/centrosbilinguessevilla\/wp-json\/wp\/v2\/tags?post=118"}],"curies":[{"name":"wp","href":"https:\/\/api.w.org\/{rel}","templated":true}]}}