{"id":1214,"date":"2021-05-19T08:03:24","date_gmt":"2021-05-19T08:03:24","guid":{"rendered":"https:\/\/blogsaverroes.juntadeandalucia.es\/centrosbilinguessevilla\/?p=1214"},"modified":"2021-05-19T08:03:24","modified_gmt":"2021-05-19T08:03:24","slug":"convocatoria-programa-de-inmersion-linguistica","status":"publish","type":"post","link":"https:\/\/blogsaverroes.juntadeandalucia.es\/centrosbilinguessevilla\/2021\/05\/19\/convocatoria-programa-de-inmersion-linguistica\/","title":{"rendered":"Convocatoria Programa de Inmersi\u00f3n Ling\u00fc\u00edstica"},"content":{"rendered":"<p>Desde hoy hasta el 14 de junio de 2021 est\u00e1 abierto el plazo de presentaci\u00f3n de solicitudes para participar en la convocatoria 2021\/22 del Programa de Inmersi\u00f3n Ling\u00fc\u00edstica destinado a grupos de entre 20 y 25 alumnas\/os de 6\u00ba de Educaci\u00f3n Primaria y 2\u00ba de Educaci\u00f3n Secundaria Obligatoria, que convoca el Ministerio. La presentaci\u00f3n y tramitaci\u00f3n de las solicitudes se realizar\u00e1 a trav\u00e9s de la sede electr\u00f3nica del citado organismo.<\/p>\n<p>Las actividades del programa se realizar\u00e1n durante el curso acad\u00e9mico 2021-2022, durante dos periodos diferenciados, oto\u00f1o 2021 y primavera 2022. Entre la documentaci\u00f3n requerida para participar en la convocatoria, adem\u00e1s de la autorizaci\u00f3n del Consejo Escolar, los centros elaborar\u00e1n un proyecto educativo en el marco del curr\u00edculo de Ciencias Naturales para 6\u00ba Primaria o de F\u00edsica y Qu\u00edmica<br \/>\npara 2\u00ba ESO.<\/p>\n<p style=\"text-align: center\">Desde la siguiente imagen se puede acceder a toda la informaci\u00f3n sobre el mismo.<\/p>\n<p><a href=\"http:\/\/www.educacionyfp.gob.es\/servicios-al-ciudadano\/catalogo\/estudiantes\/becas-ayudas\/para-estudiar\/idiomas\/inmersion-linguistica.html\"><img loading=\"lazy\" decoding=\"async\" class=\"aligncenter size-full wp-image-1215\" src=\"https:\/\/blogsaverroes.juntadeandalucia.es\/centrosbilinguessevilla\/files\/2021\/05\/Sin-t\u00edtulo-5.jpg\" alt=\"\" width=\"1600\" height=\"724\" srcset=\"https:\/\/blogsaverroes.juntadeandalucia.es\/centrosbilinguessevilla\/files\/2021\/05\/Sin-t\u00edtulo-5.jpg 1600w, https:\/\/blogsaverroes.juntadeandalucia.es\/centrosbilinguessevilla\/files\/2021\/05\/Sin-t\u00edtulo-5-300x136.jpg 300w, https:\/\/blogsaverroes.juntadeandalucia.es\/centrosbilinguessevilla\/files\/2021\/05\/Sin-t\u00edtulo-5-1024x463.jpg 1024w, https:\/\/blogsaverroes.juntadeandalucia.es\/centrosbilinguessevilla\/files\/2021\/05\/Sin-t\u00edtulo-5-768x347.jpg 768w, https:\/\/blogsaverroes.juntadeandalucia.es\/centrosbilinguessevilla\/files\/2021\/05\/Sin-t\u00edtulo-5-1536x695.jpg 1536w\" sizes=\"(max-width: 1600px) 100vw, 1600px\" \/><\/a><\/p>\n","protected":false},"excerpt":{"rendered":"<p>Desde hoy hasta el 14 de junio de 2021 est\u00e1 abierto el plazo de presentaci\u00f3n de solicitudes para participar en la convocatoria 2021\/22 del Programa de Inmersi\u00f3n Ling\u00fc\u00edstica destinado a grupos de entre 20&#46;&#46;&#46;<\/p>\n","protected":false},"author":1252,"featured_media":0,"comment_status":"open","ping_status":"open","sticky":false,"template":"","format":"standard","meta":{"ngg_post_thumbnail":0,"footnotes":""},"categories":[5],"tags":[],"aioseo_notices":[],"_links":{"self":[{"href":"https:\/\/blogsaverroes.juntadeandalucia.es\/centrosbilinguessevilla\/wp-json\/wp\/v2\/posts\/1214"}],"collection":[{"href":"https:\/\/blogsaverroes.juntadeandalucia.es\/centrosbilinguessevilla\/wp-json\/wp\/v2\/posts"}],"about":[{"href":"https:\/\/blogsaverroes.juntadeandalucia.es\/centrosbilinguessevilla\/wp-json\/wp\/v2\/types\/post"}],"author":[{"embeddable":true,"href":"https:\/\/blogsaverroes.juntadeandalucia.es\/centrosbilinguessevilla\/wp-json\/wp\/v2\/users\/1252"}],"replies":[{"embeddable":true,"href":"https:\/\/blogsaverroes.juntadeandalucia.es\/centrosbilinguessevilla\/wp-json\/wp\/v2\/comments?post=1214"}],"version-history":[{"count":1,"href":"https:\/\/blogsaverroes.juntadeandalucia.es\/centrosbilinguessevilla\/wp-json\/wp\/v2\/posts\/1214\/revisions"}],"predecessor-version":[{"id":1216,"href":"https:\/\/blogsaverroes.juntadeandalucia.es\/centrosbilinguessevilla\/wp-json\/wp\/v2\/posts\/1214\/revisions\/1216"}],"wp:attachment":[{"href":"https:\/\/blogsaverroes.juntadeandalucia.es\/centrosbilinguessevilla\/wp-json\/wp\/v2\/media?parent=1214"}],"wp:term":[{"taxonomy":"category","embeddable":true,"href":"https:\/\/blogsaverroes.juntadeandalucia.es\/centrosbilinguessevilla\/wp-json\/wp\/v2\/categories?post=1214"},{"taxonomy":"post_tag","embeddable":true,"href":"https:\/\/blogsaverroes.juntadeandalucia.es\/centrosbilinguessevilla\/wp-json\/wp\/v2\/tags?post=1214"}],"curies":[{"name":"wp","href":"https:\/\/api.w.org\/{rel}","templated":true}]}}