{"id":1225,"date":"2021-06-01T08:54:41","date_gmt":"2021-06-01T08:54:41","guid":{"rendered":"https:\/\/blogsaverroes.juntadeandalucia.es\/centrosbilinguessevilla\/?p=1225"},"modified":"2021-06-01T08:54:41","modified_gmt":"2021-06-01T08:54:41","slug":"premios-buenas-practicas-en-ensenanza-bilingue-2020-21","status":"publish","type":"post","link":"https:\/\/blogsaverroes.juntadeandalucia.es\/centrosbilinguessevilla\/2021\/06\/01\/premios-buenas-practicas-en-ensenanza-bilingue-2020-21\/","title":{"rendered":"Premios buenas pr\u00e1cticas en ense\u00f1anza biling\u00fce 2020-21"},"content":{"rendered":"<p><img loading=\"lazy\" decoding=\"async\" class=\"aligncenter size-full wp-image-1226\" src=\"https:\/\/blogsaverroes.juntadeandalucia.es\/centrosbilinguessevilla\/files\/2021\/06\/Sin-t\u00edtulo.jpg\" alt=\"\" width=\"779\" height=\"258\" srcset=\"https:\/\/blogsaverroes.juntadeandalucia.es\/centrosbilinguessevilla\/files\/2021\/06\/Sin-t\u00edtulo.jpg 779w, https:\/\/blogsaverroes.juntadeandalucia.es\/centrosbilinguessevilla\/files\/2021\/06\/Sin-t\u00edtulo-300x99.jpg 300w, https:\/\/blogsaverroes.juntadeandalucia.es\/centrosbilinguessevilla\/files\/2021\/06\/Sin-t\u00edtulo-768x254.jpg 768w\" sizes=\"(max-width: 779px) 100vw, 779px\" \/><\/p>\n<p>Con el objetivo de poner de relieve el trabajo que viene realizando el profesorado en el campo de la ense\u00f1anza biling\u00fce as\u00ed como para facilitar su difusi\u00f3n, por cuarto a\u00f1o consecutivo, la Consejer\u00eda de Educaci\u00f3n y Deporte <a href=\"https:\/\/juntadeandalucia.es\/boja\/2021\/102\/BOJA21-102-00011-9208-01_00193082.pdf\">convoca el premio para el reconocimiento a centros biling\u00fces y pluriling\u00fces de Andaluc\u00eda con buenas pr\u00e1cticas docentes en ense\u00f1anza biling\u00fce durante el curso 2020-2021.<\/a><\/p>\n<p><span style=\"color: #000080\"><strong>La presentaci\u00f3n de las candidaturas se realizar\u00e1 por v\u00eda telem\u00e1tica desde hoy hasta el 3 de septiembre de 2021.<\/strong><\/span><\/p>\n<p>&nbsp;<\/p>\n","protected":false},"excerpt":{"rendered":"<p>Con el objetivo de poner de relieve el trabajo que viene realizando el profesorado en el campo de la ense\u00f1anza biling\u00fce as\u00ed como para facilitar su difusi\u00f3n, por cuarto a\u00f1o consecutivo, la Consejer\u00eda de&#46;&#46;&#46;<\/p>\n","protected":false},"author":1252,"featured_media":0,"comment_status":"open","ping_status":"open","sticky":false,"template":"","format":"standard","meta":{"ngg_post_thumbnail":0,"footnotes":""},"categories":[946,5],"tags":[],"aioseo_notices":[],"_links":{"self":[{"href":"https:\/\/blogsaverroes.juntadeandalucia.es\/centrosbilinguessevilla\/wp-json\/wp\/v2\/posts\/1225"}],"collection":[{"href":"https:\/\/blogsaverroes.juntadeandalucia.es\/centrosbilinguessevilla\/wp-json\/wp\/v2\/posts"}],"about":[{"href":"https:\/\/blogsaverroes.juntadeandalucia.es\/centrosbilinguessevilla\/wp-json\/wp\/v2\/types\/post"}],"author":[{"embeddable":true,"href":"https:\/\/blogsaverroes.juntadeandalucia.es\/centrosbilinguessevilla\/wp-json\/wp\/v2\/users\/1252"}],"replies":[{"embeddable":true,"href":"https:\/\/blogsaverroes.juntadeandalucia.es\/centrosbilinguessevilla\/wp-json\/wp\/v2\/comments?post=1225"}],"version-history":[{"count":1,"href":"https:\/\/blogsaverroes.juntadeandalucia.es\/centrosbilinguessevilla\/wp-json\/wp\/v2\/posts\/1225\/revisions"}],"predecessor-version":[{"id":1227,"href":"https:\/\/blogsaverroes.juntadeandalucia.es\/centrosbilinguessevilla\/wp-json\/wp\/v2\/posts\/1225\/revisions\/1227"}],"wp:attachment":[{"href":"https:\/\/blogsaverroes.juntadeandalucia.es\/centrosbilinguessevilla\/wp-json\/wp\/v2\/media?parent=1225"}],"wp:term":[{"taxonomy":"category","embeddable":true,"href":"https:\/\/blogsaverroes.juntadeandalucia.es\/centrosbilinguessevilla\/wp-json\/wp\/v2\/categories?post=1225"},{"taxonomy":"post_tag","embeddable":true,"href":"https:\/\/blogsaverroes.juntadeandalucia.es\/centrosbilinguessevilla\/wp-json\/wp\/v2\/tags?post=1225"}],"curies":[{"name":"wp","href":"https:\/\/api.w.org\/{rel}","templated":true}]}}