{"id":1430,"date":"2021-11-16T15:32:27","date_gmt":"2021-11-16T13:32:27","guid":{"rendered":"https:\/\/blogsaverroes.juntadeandalucia.es\/centrosbilinguessevilla\/?p=1430"},"modified":"2021-11-18T15:48:43","modified_gmt":"2021-11-18T13:48:43","slug":"1430","status":"publish","type":"post","link":"https:\/\/blogsaverroes.juntadeandalucia.es\/centrosbilinguessevilla\/2021\/11\/16\/1430\/","title":{"rendered":"Premios Buenas Pr\u00e1cticas Ense\u00f1anza Biling\u00fce 2020-21"},"content":{"rendered":"<p>El BOJA n\u00fam. 218 publica la <a href=\"https:\/\/juntadeandalucia.es\/boja\/2021\/218\/BOJA21-218-00003-17935-01_00250091.pdf\">Resoluci\u00f3n de 5 de noviembre de 2021, de la Direcci\u00f3n General de Ordenaci\u00f3n y Evaluaci\u00f3n Educativa, por la que se hace p\u00fablico el fallo del jurado para la concesi\u00f3n de los Premios para el reconocimiento a centros biling\u00fces y pluriling\u00fces de Andaluc\u00eda con buenas pr\u00e1cticas docentes en ense\u00f1anza biling\u00fce durante el curso 2020-2021.<\/a><\/p>\n<p><span style=\"color: #008000\"><strong>Enhorabuena a los centros premiados, especialmente al Colegio de Educaci\u00f3n Primaria Beato Juan Grande de Carmona<\/strong><\/span> por, como se\u00f1ala la Resoluci\u00f3n, <em>la buena pr\u00e1ctica denominada \u00abFlying to Flyers: Escalando hasta el Nivel A2\u00bb que pone de manifiesto la relevancia que el progreso en los aprendizajes de la lengua extranjera tiene en el propio programa biling\u00fce del centro, facilitando la adquisici\u00f3n y consolidaci\u00f3n de los contenidos adquiridos en las \u00e1reas no ling\u00fc\u00edsticas. (&#8230;) Destaca la apuesta del centro por llevar a cabo m\u00faltiples actuaciones que promueven la compensaci\u00f3n social de manera que la mejora de los niveles de competencia ling\u00fc\u00edstica en la L2 no est\u00e9 vinculada a las posibilidades socioecon\u00f3micas de las familias del alumnado.<\/em><\/p>\n<p style=\"text-align: center\">Desde la siguiente imagen se puede acceder a la referencia en la p\u00e1gina del centro y a la memoria de la pr\u00e1ctica presentada.<\/p>\n<p>&nbsp;<\/p>\n<p><a href=\"https:\/\/www.colebeatocarmona.es\/el-beato-premio-buenas-practicas-en-ensenanza-bilingue-20-21\/\"><img loading=\"lazy\" decoding=\"async\" class=\"aligncenter size-full wp-image-1431\" src=\"https:\/\/blogsaverroes.juntadeandalucia.es\/centrosbilinguessevilla\/files\/2021\/11\/Sin-t\u00edtulo-1.jpg\" alt=\"\" width=\"765\" height=\"552\" srcset=\"https:\/\/blogsaverroes.juntadeandalucia.es\/centrosbilinguessevilla\/files\/2021\/11\/Sin-t\u00edtulo-1.jpg 765w, https:\/\/blogsaverroes.juntadeandalucia.es\/centrosbilinguessevilla\/files\/2021\/11\/Sin-t\u00edtulo-1-300x216.jpg 300w\" sizes=\"(max-width: 765px) 100vw, 765px\" \/><\/a><\/p>\n<p style=\"text-align: right\"><span style=\"color: #ff0000\"><strong>\u00a1ENHORABUENA!<\/strong><\/span><\/p>\n","protected":false},"excerpt":{"rendered":"<p>El BOJA n\u00fam. 218 publica la Resoluci\u00f3n de 5 de noviembre de 2021, de la Direcci\u00f3n General de Ordenaci\u00f3n y Evaluaci\u00f3n Educativa, por la que se hace p\u00fablico el fallo del jurado para la&#46;&#46;&#46;<\/p>\n","protected":false},"author":1252,"featured_media":0,"comment_status":"open","ping_status":"open","sticky":false,"template":"","format":"standard","meta":{"ngg_post_thumbnail":0,"footnotes":""},"categories":[946],"tags":[],"aioseo_notices":[],"_links":{"self":[{"href":"https:\/\/blogsaverroes.juntadeandalucia.es\/centrosbilinguessevilla\/wp-json\/wp\/v2\/posts\/1430"}],"collection":[{"href":"https:\/\/blogsaverroes.juntadeandalucia.es\/centrosbilinguessevilla\/wp-json\/wp\/v2\/posts"}],"about":[{"href":"https:\/\/blogsaverroes.juntadeandalucia.es\/centrosbilinguessevilla\/wp-json\/wp\/v2\/types\/post"}],"author":[{"embeddable":true,"href":"https:\/\/blogsaverroes.juntadeandalucia.es\/centrosbilinguessevilla\/wp-json\/wp\/v2\/users\/1252"}],"replies":[{"embeddable":true,"href":"https:\/\/blogsaverroes.juntadeandalucia.es\/centrosbilinguessevilla\/wp-json\/wp\/v2\/comments?post=1430"}],"version-history":[{"count":2,"href":"https:\/\/blogsaverroes.juntadeandalucia.es\/centrosbilinguessevilla\/wp-json\/wp\/v2\/posts\/1430\/revisions"}],"predecessor-version":[{"id":1433,"href":"https:\/\/blogsaverroes.juntadeandalucia.es\/centrosbilinguessevilla\/wp-json\/wp\/v2\/posts\/1430\/revisions\/1433"}],"wp:attachment":[{"href":"https:\/\/blogsaverroes.juntadeandalucia.es\/centrosbilinguessevilla\/wp-json\/wp\/v2\/media?parent=1430"}],"wp:term":[{"taxonomy":"category","embeddable":true,"href":"https:\/\/blogsaverroes.juntadeandalucia.es\/centrosbilinguessevilla\/wp-json\/wp\/v2\/categories?post=1430"},{"taxonomy":"post_tag","embeddable":true,"href":"https:\/\/blogsaverroes.juntadeandalucia.es\/centrosbilinguessevilla\/wp-json\/wp\/v2\/tags?post=1430"}],"curies":[{"name":"wp","href":"https:\/\/api.w.org\/{rel}","templated":true}]}}