{"id":1499,"date":"2022-01-11T10:41:40","date_gmt":"2022-01-11T08:41:40","guid":{"rendered":"https:\/\/blogsaverroes.juntadeandalucia.es\/centrosbilinguessevilla\/?p=1499"},"modified":"2022-01-11T11:31:45","modified_gmt":"2022-01-11T09:31:45","slug":"1499","status":"publish","type":"post","link":"https:\/\/blogsaverroes.juntadeandalucia.es\/centrosbilinguessevilla\/2022\/01\/11\/1499\/","title":{"rendered":"Convocatoria de proyectos de investigaci\u00f3n e innovaci\u00f3n educativa y elaboraci\u00f3n de materiales"},"content":{"rendered":"<p>En la secci\u00f3n de novedades de la p\u00e1gina de la Consejer\u00eda se public\u00f3 ayer, d\u00eda 10 de enero, la <strong><a href=\"https:\/\/www.juntadeandalucia.es\/educacion\/portals\/web\/ced\/novedades\/-\/contenidos\/detalle\/convocatoria-para-la-realizacion-de-proyectos-de-investigacion-innovacion-y-materiales\">convocatoria de proyectos de investigaci\u00f3n e innovaci\u00f3n educativa y elaboraci\u00f3n de materiales<\/a><\/strong>. El fomento del Pluriling\u00fcismo, la ense\u00f1anza y la comunicaci\u00f3n en otras lenguas, y la innovaci\u00f3n metodol\u00f3gica que constituyen las se\u00f1as de identidad de&nbsp; los centros biling\u00fces y pluriling\u00fces forman parte de los \u00e1mbitos de actuaci\u00f3n contemplados en la citada convocatoria.<\/p>\n<p style=\"text-align: center\"><span style=\"color: #ff0000\"><strong>TODA LA INFORMACI\u00d3N DISPONIBLE A PARTIR DE LA SIGUIENTE IMAGEN<\/strong><\/span><\/p>\n<p><a href=\"https:\/\/www.juntadeandalucia.es\/educacion\/portals\/web\/ced\/novedades\/-\/contenidos\/detalle\/convocatoria-para-la-realizacion-de-proyectos-de-investigacion-innovacion-y-materiales\"><img loading=\"lazy\" decoding=\"async\" class=\"aligncenter size-full wp-image-1500\" src=\"https:\/\/blogsaverroes.juntadeandalucia.es\/centrosbilinguessevilla\/files\/2022\/01\/Sin-t\u00edtulo-2.jpg\" alt=\"\" width=\"987\" height=\"473\" srcset=\"https:\/\/blogsaverroes.juntadeandalucia.es\/centrosbilinguessevilla\/files\/2022\/01\/Sin-t\u00edtulo-2.jpg 987w, https:\/\/blogsaverroes.juntadeandalucia.es\/centrosbilinguessevilla\/files\/2022\/01\/Sin-t\u00edtulo-2-300x144.jpg 300w, https:\/\/blogsaverroes.juntadeandalucia.es\/centrosbilinguessevilla\/files\/2022\/01\/Sin-t\u00edtulo-2-768x368.jpg 768w\" sizes=\"(max-width: 987px) 100vw, 987px\" \/><\/a><\/p>\n","protected":false},"excerpt":{"rendered":"<p>En la secci\u00f3n de novedades de la p\u00e1gina de la Consejer\u00eda se public\u00f3 ayer, d\u00eda 10 de enero, la convocatoria de proyectos de investigaci\u00f3n e innovaci\u00f3n educativa y elaboraci\u00f3n de materiales. El fomento del&#46;&#46;&#46;<\/p>\n","protected":false},"author":1252,"featured_media":0,"comment_status":"open","ping_status":"open","sticky":false,"template":"","format":"standard","meta":{"ngg_post_thumbnail":0,"footnotes":""},"categories":[946,5],"tags":[],"aioseo_notices":[],"_links":{"self":[{"href":"https:\/\/blogsaverroes.juntadeandalucia.es\/centrosbilinguessevilla\/wp-json\/wp\/v2\/posts\/1499"}],"collection":[{"href":"https:\/\/blogsaverroes.juntadeandalucia.es\/centrosbilinguessevilla\/wp-json\/wp\/v2\/posts"}],"about":[{"href":"https:\/\/blogsaverroes.juntadeandalucia.es\/centrosbilinguessevilla\/wp-json\/wp\/v2\/types\/post"}],"author":[{"embeddable":true,"href":"https:\/\/blogsaverroes.juntadeandalucia.es\/centrosbilinguessevilla\/wp-json\/wp\/v2\/users\/1252"}],"replies":[{"embeddable":true,"href":"https:\/\/blogsaverroes.juntadeandalucia.es\/centrosbilinguessevilla\/wp-json\/wp\/v2\/comments?post=1499"}],"version-history":[{"count":4,"href":"https:\/\/blogsaverroes.juntadeandalucia.es\/centrosbilinguessevilla\/wp-json\/wp\/v2\/posts\/1499\/revisions"}],"predecessor-version":[{"id":1504,"href":"https:\/\/blogsaverroes.juntadeandalucia.es\/centrosbilinguessevilla\/wp-json\/wp\/v2\/posts\/1499\/revisions\/1504"}],"wp:attachment":[{"href":"https:\/\/blogsaverroes.juntadeandalucia.es\/centrosbilinguessevilla\/wp-json\/wp\/v2\/media?parent=1499"}],"wp:term":[{"taxonomy":"category","embeddable":true,"href":"https:\/\/blogsaverroes.juntadeandalucia.es\/centrosbilinguessevilla\/wp-json\/wp\/v2\/categories?post=1499"},{"taxonomy":"post_tag","embeddable":true,"href":"https:\/\/blogsaverroes.juntadeandalucia.es\/centrosbilinguessevilla\/wp-json\/wp\/v2\/tags?post=1499"}],"curies":[{"name":"wp","href":"https:\/\/api.w.org\/{rel}","templated":true}]}}