{"id":1600,"date":"2022-03-14T09:00:01","date_gmt":"2022-03-14T07:00:01","guid":{"rendered":"https:\/\/blogsaverroes.juntadeandalucia.es\/centrosbilinguessevilla\/?p=1600"},"modified":"2026-04-16T11:35:53","modified_gmt":"2026-04-16T09:35:53","slug":"el-curriculo-integrado-de-las-lenguas-para-educacion-primaria","status":"publish","type":"post","link":"https:\/\/blogsaverroes.juntadeandalucia.es\/centrosbilinguessevilla\/2022\/03\/14\/el-curriculo-integrado-de-las-lenguas-para-educacion-primaria\/","title":{"rendered":"El Curriculo Integrado de las Lenguas para Educaci\u00f3n Primaria"},"content":{"rendered":"<p>Hasta el d\u00eda 25 de marzo est\u00e1 abierto el plazo para la presentaci\u00f3n de solicitudes de participaci\u00f3n en el curso con seguimiento <a href=\"https:\/\/www.juntadeandalucia.es\/educacion\/secretariavirtual\/consultaCEP\/actividad\/224129PR12\/\"><strong>El Curr\u00edculo Integrado de las Lenguas para Educaci\u00f3n Primaria<\/strong><\/a>, convocado por los CEP de la provincia. Es un instrumento b\u00e1sico del que han de dotarse los centros biling\u00fces y constituye, pues, una de las l\u00edneas prioritarias de formaci\u00f3n en la ense\u00f1anza biling\u00fce.<\/p>\n<p style=\"text-align: center\"><strong>Para acceder a la convocatoria pinchar en la siguiente imagen<\/strong><\/p>\n<p><a href=\"https:\/\/www.juntadeandalucia.es\/educacion\/secretariavirtual\/consultaCEP\/actividad\/224129PR12\/\"><img loading=\"lazy\" decoding=\"async\" class=\"aligncenter size-full wp-image-1604\" src=\"https:\/\/blogsaverroes.juntadeandalucia.es\/centrosbilinguessevilla\/files\/2022\/03\/Sin-t\u00edtulo-3.jpg\" alt=\"\" width=\"779\" height=\"721\" srcset=\"https:\/\/blogsaverroes.juntadeandalucia.es\/centrosbilinguessevilla\/files\/2022\/03\/Sin-t\u00edtulo-3.jpg 779w, https:\/\/blogsaverroes.juntadeandalucia.es\/centrosbilinguessevilla\/files\/2022\/03\/Sin-t\u00edtulo-3-300x278.jpg 300w, https:\/\/blogsaverroes.juntadeandalucia.es\/centrosbilinguessevilla\/files\/2022\/03\/Sin-t\u00edtulo-3-768x711.jpg 768w\" sizes=\"(max-width: 779px) 100vw, 779px\" \/><\/a><\/p>\n","protected":false},"excerpt":{"rendered":"<p>Hasta el d\u00eda 25 de marzo est\u00e1 abierto el plazo para la presentaci\u00f3n de solicitudes de participaci\u00f3n en el curso con seguimiento El Curr\u00edculo Integrado de las Lenguas para Educaci\u00f3n Primaria, convocado por los&#46;&#46;&#46;<\/p>\n","protected":false},"author":1252,"featured_media":0,"comment_status":"open","ping_status":"open","sticky":false,"template":"","format":"standard","meta":{"ngg_post_thumbnail":0,"footnotes":""},"categories":[796359],"tags":[],"aioseo_notices":[],"_links":{"self":[{"href":"https:\/\/blogsaverroes.juntadeandalucia.es\/centrosbilinguessevilla\/wp-json\/wp\/v2\/posts\/1600"}],"collection":[{"href":"https:\/\/blogsaverroes.juntadeandalucia.es\/centrosbilinguessevilla\/wp-json\/wp\/v2\/posts"}],"about":[{"href":"https:\/\/blogsaverroes.juntadeandalucia.es\/centrosbilinguessevilla\/wp-json\/wp\/v2\/types\/post"}],"author":[{"embeddable":true,"href":"https:\/\/blogsaverroes.juntadeandalucia.es\/centrosbilinguessevilla\/wp-json\/wp\/v2\/users\/1252"}],"replies":[{"embeddable":true,"href":"https:\/\/blogsaverroes.juntadeandalucia.es\/centrosbilinguessevilla\/wp-json\/wp\/v2\/comments?post=1600"}],"version-history":[{"count":3,"href":"https:\/\/blogsaverroes.juntadeandalucia.es\/centrosbilinguessevilla\/wp-json\/wp\/v2\/posts\/1600\/revisions"}],"predecessor-version":[{"id":1605,"href":"https:\/\/blogsaverroes.juntadeandalucia.es\/centrosbilinguessevilla\/wp-json\/wp\/v2\/posts\/1600\/revisions\/1605"}],"wp:attachment":[{"href":"https:\/\/blogsaverroes.juntadeandalucia.es\/centrosbilinguessevilla\/wp-json\/wp\/v2\/media?parent=1600"}],"wp:term":[{"taxonomy":"category","embeddable":true,"href":"https:\/\/blogsaverroes.juntadeandalucia.es\/centrosbilinguessevilla\/wp-json\/wp\/v2\/categories?post=1600"},{"taxonomy":"post_tag","embeddable":true,"href":"https:\/\/blogsaverroes.juntadeandalucia.es\/centrosbilinguessevilla\/wp-json\/wp\/v2\/tags?post=1600"}],"curies":[{"name":"wp","href":"https:\/\/api.w.org\/{rel}","templated":true}]}}