{"id":1643,"date":"2022-03-28T10:09:49","date_gmt":"2022-03-28T08:09:49","guid":{"rendered":"https:\/\/blogsaverroes.juntadeandalucia.es\/centrosbilinguessevilla\/?p=1643"},"modified":"2022-03-29T09:49:37","modified_gmt":"2022-03-29T07:49:37","slug":"1643","status":"publish","type":"post","link":"https:\/\/blogsaverroes.juntadeandalucia.es\/centrosbilinguessevilla\/2022\/03\/28\/1643\/","title":{"rendered":"Convocatoria estancias de inmersi\u00f3n ling\u00fc\u00edstica"},"content":{"rendered":"<p>El BOJA del pasado viernes publicaba la <strong><a href=\"https:\/\/juntadeandalucia.es\/eboja\/2022\/58\/BOJA22-058-00007-4826-01_00258106.pdf\"><span dir=\"ltr\" role=\"presentation\">Resoluci\u00f3n de 18 de marzo de 2022, de la Direcci\u00f3n General de Ordenaci\u00f3n <\/span><span dir=\"ltr\" role=\"presentation\">y Evaluaci\u00f3n Educativa, por la que se convocan plazas para realizar estancias <\/span><span dir=\"ltr\" role=\"presentation\">de<\/span> <span dir=\"ltr\" role=\"presentation\">inmersi\u00f3n<\/span> <span dir=\"ltr\" role=\"presentation\">ling\u00fc\u00edstica<\/span> <span dir=\"ltr\" role=\"presentation\">para<\/span> <span dir=\"ltr\" role=\"presentation\">el<\/span> <span dir=\"ltr\" role=\"presentation\">profesorado<\/span> <span dir=\"ltr\" role=\"presentation\">con<\/span> <span dir=\"ltr\" role=\"presentation\">destino<\/span> <span dir=\"ltr\" role=\"presentation\">en<\/span> <span dir=\"ltr\" role=\"presentation\">los<\/span> <span dir=\"ltr\" role=\"presentation\">Centros <\/span><span dir=\"ltr\" role=\"presentation\">P\u00fablicos Biling\u00fces dependientes de la Consejer\u00eda de Educaci\u00f3n y Deporte de la <\/span><span dir=\"ltr\" role=\"presentation\">Comunidad Aut\u00f3noma de Andaluc\u00eda para el a\u00f1o 2022.<\/span><\/a><\/strong><\/p>\n<p>Se trata de la convocatoria de 238 plazas para la realizaci\u00f3n de estancias de inmersi\u00f3n ling\u00fc\u00edstica, de dos semanas de duraci\u00f3n, en Alemania, Francia, Irlanda y Reino Unido durante los meses de julio y agosto de 2022. La iniciativa est\u00e1 destinada al <span style=\"color: #339966\"><strong>profesorado que o<span dir=\"ltr\" role=\"presentation\">cupa un puesto docente biling\u00fce, en plantilla org\u00e1nica o de funcionamiento, en <\/span><span dir=\"ltr\" role=\"presentation\">un centro p\u00fablico dependiente de la Consejer\u00eda de Educaci\u00f3n y Deporte, e imparte <\/span><span dir=\"ltr\" role=\"presentation\">\u00e1reas, materias, o m\u00f3dulos profesionales no ling\u00fc\u00edsticos.<\/span><\/strong><\/span><\/p>\n<p style=\"text-align: center\"><span style=\"color: #ff0000\"><strong><span dir=\"ltr\" role=\"presentation\">El plazo de presentaci\u00f3n de solicitudes ser\u00e1 de 10 d\u00edas h\u00e1biles a partir del s<\/span><span dir=\"ltr\" role=\"presentation\">iguiente al de la publicaci\u00f3n de la convocatoria en el BOJA.<\/span><\/strong><\/span><\/p>\n<p style=\"text-align: center\"><a href=\"https:\/\/www.juntadeandalucia.es\/educacion\/portaldocente\/\">Enlace a la presentaci\u00f3n telem\u00e1tica<\/a><\/p>\n<p><a href=\"https:\/\/juntadeandalucia.es\/eboja\/2022\/58\/BOJA22-058-00007-4826-01_00258106.pdf\"><img loading=\"lazy\" decoding=\"async\" class=\"aligncenter size-large wp-image-1644\" src=\"https:\/\/blogsaverroes.juntadeandalucia.es\/centrosbilinguessevilla\/files\/2022\/03\/Sin-t\u00edtulo-11-1024x511.jpg\" alt=\"\" width=\"1024\" height=\"511\" srcset=\"https:\/\/blogsaverroes.juntadeandalucia.es\/centrosbilinguessevilla\/files\/2022\/03\/Sin-t\u00edtulo-11-1024x511.jpg 1024w, https:\/\/blogsaverroes.juntadeandalucia.es\/centrosbilinguessevilla\/files\/2022\/03\/Sin-t\u00edtulo-11-300x150.jpg 300w, https:\/\/blogsaverroes.juntadeandalucia.es\/centrosbilinguessevilla\/files\/2022\/03\/Sin-t\u00edtulo-11-768x383.jpg 768w, https:\/\/blogsaverroes.juntadeandalucia.es\/centrosbilinguessevilla\/files\/2022\/03\/Sin-t\u00edtulo-11.jpg 1109w\" sizes=\"(max-width: 1024px) 100vw, 1024px\" \/><\/a><\/p>\n","protected":false},"excerpt":{"rendered":"<p>El BOJA del pasado viernes publicaba la Resoluci\u00f3n de 18 de marzo de 2022, de la Direcci\u00f3n General de Ordenaci\u00f3n y Evaluaci\u00f3n Educativa, por la que se convocan plazas para realizar estancias de inmersi\u00f3n&#46;&#46;&#46;<\/p>\n","protected":false},"author":1252,"featured_media":0,"comment_status":"open","ping_status":"open","sticky":false,"template":"","format":"standard","meta":{"ngg_post_thumbnail":0,"footnotes":""},"categories":[5,796358],"tags":[],"aioseo_notices":[],"_links":{"self":[{"href":"https:\/\/blogsaverroes.juntadeandalucia.es\/centrosbilinguessevilla\/wp-json\/wp\/v2\/posts\/1643"}],"collection":[{"href":"https:\/\/blogsaverroes.juntadeandalucia.es\/centrosbilinguessevilla\/wp-json\/wp\/v2\/posts"}],"about":[{"href":"https:\/\/blogsaverroes.juntadeandalucia.es\/centrosbilinguessevilla\/wp-json\/wp\/v2\/types\/post"}],"author":[{"embeddable":true,"href":"https:\/\/blogsaverroes.juntadeandalucia.es\/centrosbilinguessevilla\/wp-json\/wp\/v2\/users\/1252"}],"replies":[{"embeddable":true,"href":"https:\/\/blogsaverroes.juntadeandalucia.es\/centrosbilinguessevilla\/wp-json\/wp\/v2\/comments?post=1643"}],"version-history":[{"count":4,"href":"https:\/\/blogsaverroes.juntadeandalucia.es\/centrosbilinguessevilla\/wp-json\/wp\/v2\/posts\/1643\/revisions"}],"predecessor-version":[{"id":1654,"href":"https:\/\/blogsaverroes.juntadeandalucia.es\/centrosbilinguessevilla\/wp-json\/wp\/v2\/posts\/1643\/revisions\/1654"}],"wp:attachment":[{"href":"https:\/\/blogsaverroes.juntadeandalucia.es\/centrosbilinguessevilla\/wp-json\/wp\/v2\/media?parent=1643"}],"wp:term":[{"taxonomy":"category","embeddable":true,"href":"https:\/\/blogsaverroes.juntadeandalucia.es\/centrosbilinguessevilla\/wp-json\/wp\/v2\/categories?post=1643"},{"taxonomy":"post_tag","embeddable":true,"href":"https:\/\/blogsaverroes.juntadeandalucia.es\/centrosbilinguessevilla\/wp-json\/wp\/v2\/tags?post=1643"}],"curies":[{"name":"wp","href":"https:\/\/api.w.org\/{rel}","templated":true}]}}