{"id":1666,"date":"2022-04-06T13:55:40","date_gmt":"2022-04-06T11:55:40","guid":{"rendered":"https:\/\/blogsaverroes.juntadeandalucia.es\/centrosbilinguessevilla\/?p=1666"},"modified":"2022-04-22T12:06:09","modified_gmt":"2022-04-22T10:06:09","slug":"vii-feria-provincial-de-plurilinguismo","status":"publish","type":"post","link":"https:\/\/blogsaverroes.juntadeandalucia.es\/centrosbilinguessevilla\/2022\/04\/06\/vii-feria-provincial-de-plurilinguismo\/","title":{"rendered":"VII Feria Provincial de Pluriling\u00fcismo"},"content":{"rendered":"<p align=\"justify\"><img loading=\"lazy\" decoding=\"async\" class=\"wp-image-1667 alignleft\" src=\"https:\/\/blogsaverroes.juntadeandalucia.es\/centrosbilinguessevilla\/files\/2022\/04\/cartel_Feria_del_Pluri-724x1024.jpg\" alt=\"\" width=\"374\" height=\"529\" srcset=\"https:\/\/blogsaverroes.juntadeandalucia.es\/centrosbilinguessevilla\/files\/2022\/04\/cartel_Feria_del_Pluri-724x1024.jpg 724w, https:\/\/blogsaverroes.juntadeandalucia.es\/centrosbilinguessevilla\/files\/2022\/04\/cartel_Feria_del_Pluri-212x300.jpg 212w, https:\/\/blogsaverroes.juntadeandalucia.es\/centrosbilinguessevilla\/files\/2022\/04\/cartel_Feria_del_Pluri-768x1086.jpg 768w, https:\/\/blogsaverroes.juntadeandalucia.es\/centrosbilinguessevilla\/files\/2022\/04\/cartel_Feria_del_Pluri-1086x1536.jpg 1086w, https:\/\/blogsaverroes.juntadeandalucia.es\/centrosbilinguessevilla\/files\/2022\/04\/cartel_Feria_del_Pluri-1448x2048.jpg 1448w, https:\/\/blogsaverroes.juntadeandalucia.es\/centrosbilinguessevilla\/files\/2022\/04\/cartel_Feria_del_Pluri-scaled.jpg 1131w\" sizes=\"(max-width: 374px) 100vw, 374px\" \/><\/p>\n<p align=\"justify\"><span style=\"font-family: NewsGotT\"><span style=\"font-size: large\">Despu\u00e9s de varios a\u00f1os sin celebrar esta actividad &#8211; la imagen es el cartel de la \u00faltima &#8211; la Delegaci\u00f3n Territorial, a trav\u00e9s de los CEP de la provincia, organiza la <strong>VII Feria del Pluriling\u00fcismo<\/strong> que tendr\u00e1 lugar los d\u00edas <strong>8 y 9 de junio de 2022<\/strong> con el objetivo de conocer, reconocer y difundir el trabajo que vienen realizando los centros biling\u00fces\/ pluriling\u00fces de nuestra provincia.<\/span><\/span><\/p>\n<p align=\"justify\"><span style=\"font-family: NewsGotT\"><span style=\"font-size: large\">La Feria, basada en la idea de que el intercambio docente es una de las mejores v\u00edas para el desarrollo profesional, ofrecer\u00e1 diferentes espacios: exposici\u00f3n de materiales, comunicaciones y experiencias de buenas pr\u00e1cticas docentes, mesas de participaci\u00f3n y ponencias plenarias. <\/span><\/span><\/p>\n<p align=\"justify\"><span style=\"font-family: NewsGotT\"><span style=\"font-size: large\">Aunque la convocatoria no se publicar\u00e1 hasta los primeros d\u00edas del mes de mayo, los centros y el profesorado interesado en participar pueden inscribirse, seg\u00fan la modalidad por la que opten, cumplimentando los siguientes Anexos:<\/span><\/span><\/p>\n<p align=\"justify\"><span style=\"font-family: NewsGotT\"><span style=\"font-size: large\">1. Presentaci\u00f3n de comunicaciones (<a href=\"https:\/\/blogsaverroes.juntadeandalucia.es\/centrosbilinguessevilla\/files\/2022\/04\/ANEXOI_COMUNICACIONES-2.pdf\">Anexo I<\/a>)<\/span><\/span><\/p>\n<p align=\"justify\"><span style=\"font-family: NewsGotT\"><span style=\"font-size: large\">2. Presentaci\u00f3n de materiales: stands de los centros educativos (<a href=\"https:\/\/blogsaverroes.juntadeandalucia.es\/centrosbilinguessevilla\/files\/2022\/04\/ANEXOII_STANDS_EDUCATIVOS-1.pdf\">Anexo II)<\/a><\/span><\/span><\/p>\n<p align=\"justify\"><strong><span style=\"font-family: NewsGotT\"><span style=\"font-size: large\"><span style=\"color: #339966\">Tras la experiencia de las seis ediciones anteriores seguro que esta nueva edici\u00f3n ser\u00e1 un magn\u00edfico espacio para compartir conocimiento pr\u00e1ctico en torno a la ense\u00f1anza biling\u00fce.<\/span><\/span><\/span><\/strong><\/p>\n","protected":false},"excerpt":{"rendered":"<p>Despu\u00e9s de varios a\u00f1os sin celebrar esta actividad &#8211; la imagen es el cartel de la \u00faltima &#8211; la Delegaci\u00f3n Territorial, a trav\u00e9s de los CEP de la provincia, organiza la VII Feria del&#46;&#46;&#46;<\/p>\n","protected":false},"author":1252,"featured_media":0,"comment_status":"open","ping_status":"open","sticky":false,"template":"","format":"standard","meta":{"ngg_post_thumbnail":0,"footnotes":""},"categories":[946],"tags":[],"aioseo_notices":[],"_links":{"self":[{"href":"https:\/\/blogsaverroes.juntadeandalucia.es\/centrosbilinguessevilla\/wp-json\/wp\/v2\/posts\/1666"}],"collection":[{"href":"https:\/\/blogsaverroes.juntadeandalucia.es\/centrosbilinguessevilla\/wp-json\/wp\/v2\/posts"}],"about":[{"href":"https:\/\/blogsaverroes.juntadeandalucia.es\/centrosbilinguessevilla\/wp-json\/wp\/v2\/types\/post"}],"author":[{"embeddable":true,"href":"https:\/\/blogsaverroes.juntadeandalucia.es\/centrosbilinguessevilla\/wp-json\/wp\/v2\/users\/1252"}],"replies":[{"embeddable":true,"href":"https:\/\/blogsaverroes.juntadeandalucia.es\/centrosbilinguessevilla\/wp-json\/wp\/v2\/comments?post=1666"}],"version-history":[{"count":5,"href":"https:\/\/blogsaverroes.juntadeandalucia.es\/centrosbilinguessevilla\/wp-json\/wp\/v2\/posts\/1666\/revisions"}],"predecessor-version":[{"id":1700,"href":"https:\/\/blogsaverroes.juntadeandalucia.es\/centrosbilinguessevilla\/wp-json\/wp\/v2\/posts\/1666\/revisions\/1700"}],"wp:attachment":[{"href":"https:\/\/blogsaverroes.juntadeandalucia.es\/centrosbilinguessevilla\/wp-json\/wp\/v2\/media?parent=1666"}],"wp:term":[{"taxonomy":"category","embeddable":true,"href":"https:\/\/blogsaverroes.juntadeandalucia.es\/centrosbilinguessevilla\/wp-json\/wp\/v2\/categories?post=1666"},{"taxonomy":"post_tag","embeddable":true,"href":"https:\/\/blogsaverroes.juntadeandalucia.es\/centrosbilinguessevilla\/wp-json\/wp\/v2\/tags?post=1666"}],"curies":[{"name":"wp","href":"https:\/\/api.w.org\/{rel}","templated":true}]}}