{"id":1791,"date":"2022-09-02T12:52:56","date_gmt":"2022-09-02T10:52:56","guid":{"rendered":"https:\/\/blogsaverroes.juntadeandalucia.es\/centrosbilinguessevilla\/?p=1791"},"modified":"2022-09-14T12:57:37","modified_gmt":"2022-09-14T10:57:37","slug":"resolucion-programa-de-inmersion-linguistica-2","status":"publish","type":"post","link":"https:\/\/blogsaverroes.juntadeandalucia.es\/centrosbilinguessevilla\/2022\/09\/02\/resolucion-programa-de-inmersion-linguistica-2\/","title":{"rendered":"Resoluci\u00f3n Programa de inmersi\u00f3n ling\u00fc\u00edstica"},"content":{"rendered":"<p>En la <a href=\"https:\/\/www.educacionyfp.gob.es\/servicios-al-ciudadano\/catalogo\/centros-docentes\/becas-ayudas-subvenciones\/no-universitarios\/inmersion-linguistica.html\">p\u00e1gina del Ministerio<\/a>&nbsp; se ha publicado la Resoluci\u00f3n del Programa de Inmersi\u00f3n Ling\u00fc\u00edstica dirigido al alumnado de 6\u00ba de Educaci\u00f3n Primaria y 2\u00ba de Educaci\u00f3n Secundaria Obligatoria, accesible desde la siguiente imagen:<\/p>\n<p><a href=\"https:\/\/www.educacionyfp.gob.es\/dam\/jcr:6d74d638-1225-472a-acfa-a9d8058766a3\/report--resolucion-de-concesion.pdf\"><img loading=\"lazy\" decoding=\"async\" class=\"aligncenter wp-image-1792\" src=\"https:\/\/blogsaverroes.juntadeandalucia.es\/centrosbilinguessevilla\/files\/2022\/09\/Sin-t\u00edtulo-2.jpg\" alt=\"\" width=\"850\" height=\"528\" srcset=\"https:\/\/blogsaverroes.juntadeandalucia.es\/centrosbilinguessevilla\/files\/2022\/09\/Sin-t\u00edtulo-2.jpg 970w, https:\/\/blogsaverroes.juntadeandalucia.es\/centrosbilinguessevilla\/files\/2022\/09\/Sin-t\u00edtulo-2-300x186.jpg 300w, https:\/\/blogsaverroes.juntadeandalucia.es\/centrosbilinguessevilla\/files\/2022\/09\/Sin-t\u00edtulo-2-768x477.jpg 768w\" sizes=\"(max-width: 850px) 100vw, 850px\" \/><\/a><\/p>\n","protected":false},"excerpt":{"rendered":"<p>En la p\u00e1gina del Ministerio&nbsp; se ha publicado la Resoluci\u00f3n del Programa de Inmersi\u00f3n Ling\u00fc\u00edstica dirigido al alumnado de 6\u00ba de Educaci\u00f3n Primaria y 2\u00ba de Educaci\u00f3n Secundaria Obligatoria, accesible desde la siguiente imagen:<\/p>\n","protected":false},"author":1252,"featured_media":0,"comment_status":"open","ping_status":"open","sticky":false,"template":"","format":"standard","meta":{"ngg_post_thumbnail":0,"footnotes":""},"categories":[5],"tags":[],"aioseo_notices":[],"_links":{"self":[{"href":"https:\/\/blogsaverroes.juntadeandalucia.es\/centrosbilinguessevilla\/wp-json\/wp\/v2\/posts\/1791"}],"collection":[{"href":"https:\/\/blogsaverroes.juntadeandalucia.es\/centrosbilinguessevilla\/wp-json\/wp\/v2\/posts"}],"about":[{"href":"https:\/\/blogsaverroes.juntadeandalucia.es\/centrosbilinguessevilla\/wp-json\/wp\/v2\/types\/post"}],"author":[{"embeddable":true,"href":"https:\/\/blogsaverroes.juntadeandalucia.es\/centrosbilinguessevilla\/wp-json\/wp\/v2\/users\/1252"}],"replies":[{"embeddable":true,"href":"https:\/\/blogsaverroes.juntadeandalucia.es\/centrosbilinguessevilla\/wp-json\/wp\/v2\/comments?post=1791"}],"version-history":[{"count":1,"href":"https:\/\/blogsaverroes.juntadeandalucia.es\/centrosbilinguessevilla\/wp-json\/wp\/v2\/posts\/1791\/revisions"}],"predecessor-version":[{"id":1793,"href":"https:\/\/blogsaverroes.juntadeandalucia.es\/centrosbilinguessevilla\/wp-json\/wp\/v2\/posts\/1791\/revisions\/1793"}],"wp:attachment":[{"href":"https:\/\/blogsaverroes.juntadeandalucia.es\/centrosbilinguessevilla\/wp-json\/wp\/v2\/media?parent=1791"}],"wp:term":[{"taxonomy":"category","embeddable":true,"href":"https:\/\/blogsaverroes.juntadeandalucia.es\/centrosbilinguessevilla\/wp-json\/wp\/v2\/categories?post=1791"},{"taxonomy":"post_tag","embeddable":true,"href":"https:\/\/blogsaverroes.juntadeandalucia.es\/centrosbilinguessevilla\/wp-json\/wp\/v2\/tags?post=1791"}],"curies":[{"name":"wp","href":"https:\/\/api.w.org\/{rel}","templated":true}]}}