{"id":1812,"date":"2022-09-20T20:30:30","date_gmt":"2022-09-20T18:30:30","guid":{"rendered":"https:\/\/blogsaverroes.juntadeandalucia.es\/centrosbilinguessevilla\/?p=1812"},"modified":"2022-09-20T20:47:55","modified_gmt":"2022-09-20T18:47:55","slug":"coordinar-el-proyecto-bilingue-sin-caer-en-el-intento","status":"publish","type":"post","link":"https:\/\/blogsaverroes.juntadeandalucia.es\/centrosbilinguessevilla\/2022\/09\/20\/coordinar-el-proyecto-bilingue-sin-caer-en-el-intento\/","title":{"rendered":"Coordinar el proyecto biling\u00fce sin caer en el intento"},"content":{"rendered":"<p>He tomado prestado el t\u00edtulo de esta entrada de la magn\u00edfica presentaci\u00f3n que hizo <a href=\"https:\/\/www.margongue.site\/recursos-educativos\/comunicaciones\">Mar\u00eda Gonz\u00e1lez Guerrero<\/a>, coordinadora biling\u00fce del CEIP Ntra Sra del Patrocinio de San Jos\u00e9 de la Rinconada, en la ultima edici\u00f3n de la Feria del Pluriling\u00fcismo y a la que se puede acceder desde la siguiente imagen.<\/p>\n<p><a href=\"https:\/\/maestramargongue.blogspot.com\/2022\/08\/coordinar-el-proyecto-bilingue-sin-caer.html\"><img loading=\"lazy\" decoding=\"async\" class=\"aligncenter size-full wp-image-1813\" src=\"https:\/\/blogsaverroes.juntadeandalucia.es\/centrosbilinguessevilla\/files\/2022\/09\/Sin-t\u00edtulo-7.jpg\" alt=\"\" width=\"791\" height=\"544\" srcset=\"https:\/\/blogsaverroes.juntadeandalucia.es\/centrosbilinguessevilla\/files\/2022\/09\/Sin-t\u00edtulo-7.jpg 791w, https:\/\/blogsaverroes.juntadeandalucia.es\/centrosbilinguessevilla\/files\/2022\/09\/Sin-t\u00edtulo-7-300x206.jpg 300w, https:\/\/blogsaverroes.juntadeandalucia.es\/centrosbilinguessevilla\/files\/2022\/09\/Sin-t\u00edtulo-7-768x528.jpg 768w\" sizes=\"(max-width: 791px) 100vw, 791px\" \/><\/a><\/p>\n<p style=\"text-align: center\"><strong><span style=\"color: #993366\">Los seis puntos del \u00edndice de la presentaci\u00f3n de Mar\u00eda pueden ser &#8211; no me cabe la menor duda &#8211; los seis pasos para <span style=\"text-decoration: underline\">coordinar el proyecto biling\u00fce sin caer en el intento<\/span>.<\/span> <\/strong><\/p>\n","protected":false},"excerpt":{"rendered":"<p>He tomado prestado el t\u00edtulo de esta entrada de la magn\u00edfica presentaci\u00f3n que hizo Mar\u00eda Gonz\u00e1lez Guerrero, coordinadora biling\u00fce del CEIP Ntra Sra del Patrocinio de San Jos\u00e9 de la Rinconada, en la ultima&#46;&#46;&#46;<\/p>\n","protected":false},"author":1252,"featured_media":0,"comment_status":"open","ping_status":"open","sticky":false,"template":"","format":"standard","meta":{"ngg_post_thumbnail":0,"footnotes":""},"categories":[796361],"tags":[],"aioseo_notices":[],"_links":{"self":[{"href":"https:\/\/blogsaverroes.juntadeandalucia.es\/centrosbilinguessevilla\/wp-json\/wp\/v2\/posts\/1812"}],"collection":[{"href":"https:\/\/blogsaverroes.juntadeandalucia.es\/centrosbilinguessevilla\/wp-json\/wp\/v2\/posts"}],"about":[{"href":"https:\/\/blogsaverroes.juntadeandalucia.es\/centrosbilinguessevilla\/wp-json\/wp\/v2\/types\/post"}],"author":[{"embeddable":true,"href":"https:\/\/blogsaverroes.juntadeandalucia.es\/centrosbilinguessevilla\/wp-json\/wp\/v2\/users\/1252"}],"replies":[{"embeddable":true,"href":"https:\/\/blogsaverroes.juntadeandalucia.es\/centrosbilinguessevilla\/wp-json\/wp\/v2\/comments?post=1812"}],"version-history":[{"count":2,"href":"https:\/\/blogsaverroes.juntadeandalucia.es\/centrosbilinguessevilla\/wp-json\/wp\/v2\/posts\/1812\/revisions"}],"predecessor-version":[{"id":1815,"href":"https:\/\/blogsaverroes.juntadeandalucia.es\/centrosbilinguessevilla\/wp-json\/wp\/v2\/posts\/1812\/revisions\/1815"}],"wp:attachment":[{"href":"https:\/\/blogsaverroes.juntadeandalucia.es\/centrosbilinguessevilla\/wp-json\/wp\/v2\/media?parent=1812"}],"wp:term":[{"taxonomy":"category","embeddable":true,"href":"https:\/\/blogsaverroes.juntadeandalucia.es\/centrosbilinguessevilla\/wp-json\/wp\/v2\/categories?post=1812"},{"taxonomy":"post_tag","embeddable":true,"href":"https:\/\/blogsaverroes.juntadeandalucia.es\/centrosbilinguessevilla\/wp-json\/wp\/v2\/tags?post=1812"}],"curies":[{"name":"wp","href":"https:\/\/api.w.org\/{rel}","templated":true}]}}