{"id":1826,"date":"2022-09-30T13:43:38","date_gmt":"2022-09-30T11:43:38","guid":{"rendered":"https:\/\/blogsaverroes.juntadeandalucia.es\/centrosbilinguessevilla\/?p=1826"},"modified":"2022-09-30T14:00:47","modified_gmt":"2022-09-30T12:00:47","slug":"1826","status":"publish","type":"post","link":"https:\/\/blogsaverroes.juntadeandalucia.es\/centrosbilinguessevilla\/2022\/09\/30\/1826\/","title":{"rendered":"Primeros d\u00edas de las\/los auxiliares de conversaci\u00f3n"},"content":{"rendered":"<p><strong>Las\/los auxiliares de conversaci\u00f3n se incorporan a los centros el pr\u00f3ximo lunes. Estos primeros d\u00edas son fundamentales en los v\u00ednculos que van a establecer con el colegio\/ instituto y determinantes en el desarrollo de su colaboraci\u00f3n.<br \/>\n<\/strong><\/p>\n<p><strong>Se citan <\/strong><strong>a continuaci\u00f3n varios documentos, incluidos en la&nbsp; <a href=\"http:\/\/www.juntadeandalucia.es\/export\/drupaljda\/Guia_informativa_centros_ense%C3%B1anza_bilingue_.pdf\">Gu\u00eda informativa para centros de ense\u00f1anza biling\u00fce, 2013<\/a> que pueden facilitar la fase de observaci\u00f3n previa a las intervenciones en el aula.<br \/>\n<\/strong><\/p>\n<p>&nbsp;<\/p>\n<p><a href=\"https:\/\/blogsaverroes.juntadeandalucia.es\/centrosbilinguessevilla\/files\/2018\/09\/anexo04.pdf\"><img loading=\"lazy\" decoding=\"async\" class=\"aligncenter size-full wp-image-2578\" src=\"https:\/\/blogsaverroes.juntadeandalucia.es\/auxiliaresconversacionsevilla\/files\/2021\/09\/Anexo-4-ingl\u00e9s.jpg\" alt=\"\" width=\"606\" height=\"339\"><\/a><\/p>\n<p>&nbsp;<\/p>\n<p><a href=\"https:\/\/blogsaverroes.juntadeandalucia.es\/centrosbilinguessevilla\/files\/2018\/09\/anexo09.pdf\"><img loading=\"lazy\" decoding=\"async\" class=\"aligncenter size-full wp-image-2579\" src=\"https:\/\/blogsaverroes.juntadeandalucia.es\/auxiliaresconversacionsevilla\/files\/2021\/09\/Anexo-9-ingl\u00e9s.jpg\" alt=\"\" width=\"596\" height=\"358\"><\/a><\/p>\n<p>&nbsp;<\/p>\n<p><a href=\"https:\/\/blogsaverroes.juntadeandalucia.es\/centrosbilinguessevilla\/files\/2018\/09\/anexo05.pdf\"><img loading=\"lazy\" decoding=\"async\" class=\"aligncenter size-full wp-image-2580\" src=\"https:\/\/blogsaverroes.juntadeandalucia.es\/auxiliaresconversacionsevilla\/files\/2021\/09\/Anexo-4-franc\u00e9s.jpg\" alt=\"\" width=\"624\" height=\"305\"><\/a><\/p>\n<p>&nbsp;<\/p>\n<p><a href=\"https:\/\/blogsaverroes.juntadeandalucia.es\/centrosbilinguessevilla\/files\/2018\/09\/anexo10.pdf\"><img loading=\"lazy\" decoding=\"async\" class=\"aligncenter size-full wp-image-2582\" src=\"https:\/\/blogsaverroes.juntadeandalucia.es\/auxiliaresconversacionsevilla\/files\/2021\/09\/Anexo-10-franc\u00e9s.jpg\" alt=\"\" width=\"617\" height=\"340\"><\/a><\/p>\n<p>&nbsp;<\/p>\n<p><a href=\"https:\/\/blogsaverroes.juntadeandalucia.es\/centrosbilinguessevilla\/files\/2018\/09\/anexo11.pdf\"><img loading=\"lazy\" decoding=\"async\" class=\"aligncenter size-full wp-image-2584\" src=\"https:\/\/blogsaverroes.juntadeandalucia.es\/auxiliaresconversacionsevilla\/files\/2021\/09\/anexo-11.jpg\" alt=\"\" width=\"698\" height=\"278\"><\/a><\/p>\n<p>&nbsp;<\/p>\n<p><a href=\"https:\/\/blogsaverroes.juntadeandalucia.es\/centrosbilinguessevilla\/files\/2018\/09\/anexo12.pdf\"><img loading=\"lazy\" decoding=\"async\" class=\"aligncenter size-full wp-image-2585\" src=\"https:\/\/blogsaverroes.juntadeandalucia.es\/auxiliaresconversacionsevilla\/files\/2021\/09\/Anexo-12.jpg\" alt=\"\" width=\"681\" height=\"198\"><\/a><\/p>\n<p>&nbsp;<\/p>\n","protected":false},"excerpt":{"rendered":"<p>Las\/los auxiliares de conversaci\u00f3n se incorporan a los centros el pr\u00f3ximo lunes. Estos primeros d\u00edas son fundamentales en los v\u00ednculos que van a establecer con el colegio\/ instituto y determinantes en el desarrollo de&#46;&#46;&#46;<\/p>\n","protected":false},"author":1252,"featured_media":0,"comment_status":"open","ping_status":"open","sticky":false,"template":"","format":"standard","meta":{"ngg_post_thumbnail":0,"footnotes":""},"categories":[796351],"tags":[],"aioseo_notices":[],"_links":{"self":[{"href":"https:\/\/blogsaverroes.juntadeandalucia.es\/centrosbilinguessevilla\/wp-json\/wp\/v2\/posts\/1826"}],"collection":[{"href":"https:\/\/blogsaverroes.juntadeandalucia.es\/centrosbilinguessevilla\/wp-json\/wp\/v2\/posts"}],"about":[{"href":"https:\/\/blogsaverroes.juntadeandalucia.es\/centrosbilinguessevilla\/wp-json\/wp\/v2\/types\/post"}],"author":[{"embeddable":true,"href":"https:\/\/blogsaverroes.juntadeandalucia.es\/centrosbilinguessevilla\/wp-json\/wp\/v2\/users\/1252"}],"replies":[{"embeddable":true,"href":"https:\/\/blogsaverroes.juntadeandalucia.es\/centrosbilinguessevilla\/wp-json\/wp\/v2\/comments?post=1826"}],"version-history":[{"count":4,"href":"https:\/\/blogsaverroes.juntadeandalucia.es\/centrosbilinguessevilla\/wp-json\/wp\/v2\/posts\/1826\/revisions"}],"predecessor-version":[{"id":1830,"href":"https:\/\/blogsaverroes.juntadeandalucia.es\/centrosbilinguessevilla\/wp-json\/wp\/v2\/posts\/1826\/revisions\/1830"}],"wp:attachment":[{"href":"https:\/\/blogsaverroes.juntadeandalucia.es\/centrosbilinguessevilla\/wp-json\/wp\/v2\/media?parent=1826"}],"wp:term":[{"taxonomy":"category","embeddable":true,"href":"https:\/\/blogsaverroes.juntadeandalucia.es\/centrosbilinguessevilla\/wp-json\/wp\/v2\/categories?post=1826"},{"taxonomy":"post_tag","embeddable":true,"href":"https:\/\/blogsaverroes.juntadeandalucia.es\/centrosbilinguessevilla\/wp-json\/wp\/v2\/tags?post=1826"}],"curies":[{"name":"wp","href":"https:\/\/api.w.org\/{rel}","templated":true}]}}