{"id":1891,"date":"2022-12-07T10:08:20","date_gmt":"2022-12-07T08:08:20","guid":{"rendered":"https:\/\/blogsaverroes.juntadeandalucia.es\/centrosbilinguessevilla\/?p=1891"},"modified":"2022-12-07T10:09:04","modified_gmt":"2022-12-07T08:09:04","slug":"1891","status":"publish","type":"post","link":"https:\/\/blogsaverroes.juntadeandalucia.es\/centrosbilinguessevilla\/2022\/12\/07\/1891\/","title":{"rendered":"Curso 2023-2024. Profesorado Visitante en Estados Unidos, Canad\u00e1, Irlanda y Alemania."},"content":{"rendered":"<p>El BOE de ayer publica el <a href=\"https:\/\/boe.es\/boe\/dias\/2022\/12\/06\/pdfs\/BOE-B-2022-38270.pdf\">Extracto de la resoluci\u00f3n de 30 de noviembre de 2022, de la Secretar\u00eda de Estado de Educaci\u00f3n por la que se convocan plazas para profesorado visitante espa\u00f1ol en Estados Unidos, Canad\u00e1, Irlanda y Alemania para el curso acad\u00e9mico 2023-2024<\/a>.<\/p>\n<p>En la <a href=\"https:\/\/www.educacionyfp.gob.es\/servicios-al-ciudadano\/catalogo\/general\/05\/051070\/ficha\/051070-2023.html\">p\u00e1gina del Ministerio<\/a> se publica toda la informaci\u00f3n sobre la convocatoria cuyo plazo de presentaci\u00f3n de solicitudes se abrir\u00e1 de modo inminente. De los documentos informativos que se incluyen en la citada referencia es de destacar la <a title=\"Enlace externo, se abre en ventana nueva.\" href=\"https:\/\/www.youtube.com\/watch?v=MBWL3dWRA0E\" target=\"_blank\" rel=\"external noopener noreferrer\">Sesi\u00f3n informativa sobre la convocatoria.<\/a><\/p>\n<p><iframe loading=\"lazy\" src=\"https:\/\/www.youtube.com\/embed\/MBWL3dWRA0E\" width=\"560\" height=\"315\" frameborder=\"0\"><\/iframe>&nbsp;<\/p>\n","protected":false},"excerpt":{"rendered":"<p>El BOE de ayer publica el Extracto de la resoluci\u00f3n de 30 de noviembre de 2022, de la Secretar\u00eda de Estado de Educaci\u00f3n por la que se convocan plazas para profesorado visitante espa\u00f1ol en&#46;&#46;&#46;<\/p>\n","protected":false},"author":1252,"featured_media":0,"comment_status":"open","ping_status":"open","sticky":false,"template":"","format":"standard","meta":{"ngg_post_thumbnail":0,"footnotes":""},"categories":[5,796356],"tags":[],"aioseo_notices":[],"_links":{"self":[{"href":"https:\/\/blogsaverroes.juntadeandalucia.es\/centrosbilinguessevilla\/wp-json\/wp\/v2\/posts\/1891"}],"collection":[{"href":"https:\/\/blogsaverroes.juntadeandalucia.es\/centrosbilinguessevilla\/wp-json\/wp\/v2\/posts"}],"about":[{"href":"https:\/\/blogsaverroes.juntadeandalucia.es\/centrosbilinguessevilla\/wp-json\/wp\/v2\/types\/post"}],"author":[{"embeddable":true,"href":"https:\/\/blogsaverroes.juntadeandalucia.es\/centrosbilinguessevilla\/wp-json\/wp\/v2\/users\/1252"}],"replies":[{"embeddable":true,"href":"https:\/\/blogsaverroes.juntadeandalucia.es\/centrosbilinguessevilla\/wp-json\/wp\/v2\/comments?post=1891"}],"version-history":[{"count":2,"href":"https:\/\/blogsaverroes.juntadeandalucia.es\/centrosbilinguessevilla\/wp-json\/wp\/v2\/posts\/1891\/revisions"}],"predecessor-version":[{"id":1893,"href":"https:\/\/blogsaverroes.juntadeandalucia.es\/centrosbilinguessevilla\/wp-json\/wp\/v2\/posts\/1891\/revisions\/1893"}],"wp:attachment":[{"href":"https:\/\/blogsaverroes.juntadeandalucia.es\/centrosbilinguessevilla\/wp-json\/wp\/v2\/media?parent=1891"}],"wp:term":[{"taxonomy":"category","embeddable":true,"href":"https:\/\/blogsaverroes.juntadeandalucia.es\/centrosbilinguessevilla\/wp-json\/wp\/v2\/categories?post=1891"},{"taxonomy":"post_tag","embeddable":true,"href":"https:\/\/blogsaverroes.juntadeandalucia.es\/centrosbilinguessevilla\/wp-json\/wp\/v2\/tags?post=1891"}],"curies":[{"name":"wp","href":"https:\/\/api.w.org\/{rel}","templated":true}]}}