{"id":1937,"date":"2023-01-20T13:51:30","date_gmt":"2023-01-20T11:51:30","guid":{"rendered":"https:\/\/blogsaverroes.juntadeandalucia.es\/centrosbilinguessevilla\/?p=1937"},"modified":"2023-01-20T13:51:30","modified_gmt":"2023-01-20T11:51:30","slug":"formacion-inicial-para-nuevos-centros-bilingues","status":"publish","type":"post","link":"https:\/\/blogsaverroes.juntadeandalucia.es\/centrosbilinguessevilla\/2023\/01\/20\/formacion-inicial-para-nuevos-centros-bilingues\/","title":{"rendered":"Formaci\u00f3n inicial para nuevos centros biling\u00fces"},"content":{"rendered":"<p>Desde la siguiente imagen se puede acceder a las presentaciones de la actividad formativa dirigida a los nuevos centros biling\u00fces y a las\/los nuevas\/os coordinadoras\/es biling\u00fces que viene desarroll\u00e1ndose desde el pasado d\u00eda 19.<\/p>\n<p><strong>Gracias de nuevo, ahora por esta v\u00eda, a todas las personas que est\u00e1n interviniendo en la formaci\u00f3n, gracias por la generosidad de comlpartir sus experiencias y enhorabuena a todos los centros por el espl\u00e9ndido trabajo que realizan.<\/strong><\/p>\n<p><span style=\"color: #ff0000\"><strong>\u00a1Sois la mejor inspiraci\u00f3n para los nuevos centros y para las personas que inician su andadura en la ense\u00f1anza biling\u00fce!<\/strong> <\/span><\/p>\n<p><a href=\"https:\/\/blogsaverroes.juntadeandalucia.es\/erasmuscepsevilla\/2023\/01\/17\/234127kpi008\/\"><img loading=\"lazy\" decoding=\"async\" class=\"aligncenter size-large wp-image-1938\" src=\"https:\/\/blogsaverroes.juntadeandalucia.es\/centrosbilinguessevilla\/files\/2023\/01\/Sin-t\u00edtulo-2-1024x587.jpg\" alt=\"\" width=\"1024\" height=\"587\" srcset=\"https:\/\/blogsaverroes.juntadeandalucia.es\/centrosbilinguessevilla\/files\/2023\/01\/Sin-t\u00edtulo-2-1024x587.jpg 1024w, https:\/\/blogsaverroes.juntadeandalucia.es\/centrosbilinguessevilla\/files\/2023\/01\/Sin-t\u00edtulo-2-300x172.jpg 300w, https:\/\/blogsaverroes.juntadeandalucia.es\/centrosbilinguessevilla\/files\/2023\/01\/Sin-t\u00edtulo-2-768x440.jpg 768w, https:\/\/blogsaverroes.juntadeandalucia.es\/centrosbilinguessevilla\/files\/2023\/01\/Sin-t\u00edtulo-2.jpg 1379w\" sizes=\"(max-width: 1024px) 100vw, 1024px\" \/><\/a><\/p>\n","protected":false},"excerpt":{"rendered":"<p>Desde la siguiente imagen se puede acceder a las presentaciones de la actividad formativa dirigida a los nuevos centros biling\u00fces y a las\/los nuevas\/os coordinadoras\/es biling\u00fces que viene desarroll\u00e1ndose desde el pasado d\u00eda 19.&#46;&#46;&#46;<\/p>\n","protected":false},"author":1252,"featured_media":0,"comment_status":"open","ping_status":"open","sticky":false,"template":"","format":"standard","meta":{"ngg_post_thumbnail":0,"footnotes":""},"categories":[796354,796353,796351,946,796359,796361,796358,796355],"tags":[],"aioseo_notices":[],"_links":{"self":[{"href":"https:\/\/blogsaverroes.juntadeandalucia.es\/centrosbilinguessevilla\/wp-json\/wp\/v2\/posts\/1937"}],"collection":[{"href":"https:\/\/blogsaverroes.juntadeandalucia.es\/centrosbilinguessevilla\/wp-json\/wp\/v2\/posts"}],"about":[{"href":"https:\/\/blogsaverroes.juntadeandalucia.es\/centrosbilinguessevilla\/wp-json\/wp\/v2\/types\/post"}],"author":[{"embeddable":true,"href":"https:\/\/blogsaverroes.juntadeandalucia.es\/centrosbilinguessevilla\/wp-json\/wp\/v2\/users\/1252"}],"replies":[{"embeddable":true,"href":"https:\/\/blogsaverroes.juntadeandalucia.es\/centrosbilinguessevilla\/wp-json\/wp\/v2\/comments?post=1937"}],"version-history":[{"count":1,"href":"https:\/\/blogsaverroes.juntadeandalucia.es\/centrosbilinguessevilla\/wp-json\/wp\/v2\/posts\/1937\/revisions"}],"predecessor-version":[{"id":1939,"href":"https:\/\/blogsaverroes.juntadeandalucia.es\/centrosbilinguessevilla\/wp-json\/wp\/v2\/posts\/1937\/revisions\/1939"}],"wp:attachment":[{"href":"https:\/\/blogsaverroes.juntadeandalucia.es\/centrosbilinguessevilla\/wp-json\/wp\/v2\/media?parent=1937"}],"wp:term":[{"taxonomy":"category","embeddable":true,"href":"https:\/\/blogsaverroes.juntadeandalucia.es\/centrosbilinguessevilla\/wp-json\/wp\/v2\/categories?post=1937"},{"taxonomy":"post_tag","embeddable":true,"href":"https:\/\/blogsaverroes.juntadeandalucia.es\/centrosbilinguessevilla\/wp-json\/wp\/v2\/tags?post=1937"}],"curies":[{"name":"wp","href":"https:\/\/api.w.org\/{rel}","templated":true}]}}