{"id":1953,"date":"2023-02-03T14:31:46","date_gmt":"2023-02-03T12:31:46","guid":{"rendered":"https:\/\/blogsaverroes.juntadeandalucia.es\/centrosbilinguessevilla\/?p=1953"},"modified":"2023-02-03T14:31:46","modified_gmt":"2023-02-03T12:31:46","slug":"formacion-para-la-habilitacion-de-examinadores-oficiales-de-las-pruebas-delf","status":"publish","type":"post","link":"https:\/\/blogsaverroes.juntadeandalucia.es\/centrosbilinguessevilla\/2023\/02\/03\/formacion-para-la-habilitacion-de-examinadores-oficiales-de-las-pruebas-delf\/","title":{"rendered":"Formaci\u00f3n para la habilitaci\u00f3n de examinadores oficiales de las pruebas DELF"},"content":{"rendered":"<p>En el Portal de Pluriling\u00fcismo de la Consejer\u00eda se ha publicado la informaci\u00f3n sobre una nueva actividad formativa para la habilitaci\u00f3n de profesorado examinador de las pruebas DELF.<\/p>\n<p style=\"text-align: center\"><strong>Desde la siguiente imagen se puede acceder al contenido de la informaci\u00f3n<\/strong><\/p>\n<p><a href=\"https:\/\/www.juntadeandalucia.es\/educacion\/portals\/delegate\/content\/48dcd7fd-57e5-4781-b021-d3eeb603f0fd\/DELF%20marzo%2023\"><img loading=\"lazy\" decoding=\"async\" class=\"aligncenter size-large wp-image-1954\" src=\"https:\/\/blogsaverroes.juntadeandalucia.es\/centrosbilinguessevilla\/files\/2023\/02\/Sin-t\u00edtulo-1-1024x283.jpg\" alt=\"\" width=\"1024\" height=\"283\" srcset=\"https:\/\/blogsaverroes.juntadeandalucia.es\/centrosbilinguessevilla\/files\/2023\/02\/Sin-t\u00edtulo-1-1024x283.jpg 1024w, https:\/\/blogsaverroes.juntadeandalucia.es\/centrosbilinguessevilla\/files\/2023\/02\/Sin-t\u00edtulo-1-300x83.jpg 300w, https:\/\/blogsaverroes.juntadeandalucia.es\/centrosbilinguessevilla\/files\/2023\/02\/Sin-t\u00edtulo-1-768x212.jpg 768w, https:\/\/blogsaverroes.juntadeandalucia.es\/centrosbilinguessevilla\/files\/2023\/02\/Sin-t\u00edtulo-1.jpg 1380w\" sizes=\"(max-width: 1024px) 100vw, 1024px\" \/><\/a><\/p>\n","protected":false},"excerpt":{"rendered":"<p>En el Portal de Pluriling\u00fcismo de la Consejer\u00eda se ha publicado la informaci\u00f3n sobre una nueva actividad formativa para la habilitaci\u00f3n de profesorado examinador de las pruebas DELF. Desde la siguiente imagen se puede&#46;&#46;&#46;<\/p>\n","protected":false},"author":1252,"featured_media":0,"comment_status":"open","ping_status":"open","sticky":false,"template":"","format":"standard","meta":{"ngg_post_thumbnail":0,"footnotes":""},"categories":[5,796345],"tags":[],"aioseo_notices":[],"_links":{"self":[{"href":"https:\/\/blogsaverroes.juntadeandalucia.es\/centrosbilinguessevilla\/wp-json\/wp\/v2\/posts\/1953"}],"collection":[{"href":"https:\/\/blogsaverroes.juntadeandalucia.es\/centrosbilinguessevilla\/wp-json\/wp\/v2\/posts"}],"about":[{"href":"https:\/\/blogsaverroes.juntadeandalucia.es\/centrosbilinguessevilla\/wp-json\/wp\/v2\/types\/post"}],"author":[{"embeddable":true,"href":"https:\/\/blogsaverroes.juntadeandalucia.es\/centrosbilinguessevilla\/wp-json\/wp\/v2\/users\/1252"}],"replies":[{"embeddable":true,"href":"https:\/\/blogsaverroes.juntadeandalucia.es\/centrosbilinguessevilla\/wp-json\/wp\/v2\/comments?post=1953"}],"version-history":[{"count":1,"href":"https:\/\/blogsaverroes.juntadeandalucia.es\/centrosbilinguessevilla\/wp-json\/wp\/v2\/posts\/1953\/revisions"}],"predecessor-version":[{"id":1955,"href":"https:\/\/blogsaverroes.juntadeandalucia.es\/centrosbilinguessevilla\/wp-json\/wp\/v2\/posts\/1953\/revisions\/1955"}],"wp:attachment":[{"href":"https:\/\/blogsaverroes.juntadeandalucia.es\/centrosbilinguessevilla\/wp-json\/wp\/v2\/media?parent=1953"}],"wp:term":[{"taxonomy":"category","embeddable":true,"href":"https:\/\/blogsaverroes.juntadeandalucia.es\/centrosbilinguessevilla\/wp-json\/wp\/v2\/categories?post=1953"},{"taxonomy":"post_tag","embeddable":true,"href":"https:\/\/blogsaverroes.juntadeandalucia.es\/centrosbilinguessevilla\/wp-json\/wp\/v2\/tags?post=1953"}],"curies":[{"name":"wp","href":"https:\/\/api.w.org\/{rel}","templated":true}]}}