{"id":1957,"date":"2023-02-06T12:39:03","date_gmt":"2023-02-06T10:39:03","guid":{"rendered":"https:\/\/blogsaverroes.juntadeandalucia.es\/centrosbilinguessevilla\/?p=1957"},"modified":"2023-02-09T13:10:28","modified_gmt":"2023-02-09T11:10:28","slug":"1957","status":"publish","type":"post","link":"https:\/\/blogsaverroes.juntadeandalucia.es\/centrosbilinguessevilla\/2023\/02\/06\/1957\/","title":{"rendered":"Apertura campa\u00f1a LabelFranc\u00c9ducation 2023"},"content":{"rendered":"<p>El pasado viernes se public\u00f3 en el Portal de Pluriling\u00fcismo de la Consejer\u00eda la referencia a la apertura de la Campa\u00f1a LabelFranc\u00c9ducation 2023. <span lang=\"es-ES\">Lanzado en 2012, se trata de un reconocimiento otorgado por las autoridades francesas para valorar los centros educativos, p\u00fablicos o privados, que ofrecen a su alumnado una ense\u00f1anza biling\u00fce <\/span><span lang=\"es-ES\">en franc\u00e9s <\/span><span lang=\"es-ES\">de calidad.<\/span><\/p>\n<p>De los 14 centros p\u00fablicos biling\u00fces de franc\u00e9s de la provincia de Sevilla, 7<span lang=\"es-ES\"> han sido reconocidos con el sello LabelFranc\u00c9ducation<strong>. <span style=\"text-decoration: underline\">Se trata de un verdadero logro que pone de relieve la labor que vienen desarrollando.<\/span><\/strong><br \/>\n<\/span><\/p>\n<p style=\"text-align: center\">Se puede acceder a la informaci\u00f3n sobre la nueva campa\u00f1a desde la siguiente imagen.<\/p>\n<p><a href=\"https:\/\/www.juntadeandalucia.es\/educacion\/portals\/web\/plurilinguismo\/novedades\/-\/contenidos\/detalle\/campana-labelfranceducation-1qpuaro49msy5\"><img loading=\"lazy\" decoding=\"async\" class=\"aligncenter size-full wp-image-1958\" src=\"https:\/\/blogsaverroes.juntadeandalucia.es\/centrosbilinguessevilla\/files\/2023\/02\/Sin-t\u00edtulo-2.jpg\" alt=\"\" width=\"780\" height=\"424\" srcset=\"https:\/\/blogsaverroes.juntadeandalucia.es\/centrosbilinguessevilla\/files\/2023\/02\/Sin-t\u00edtulo-2.jpg 780w, https:\/\/blogsaverroes.juntadeandalucia.es\/centrosbilinguessevilla\/files\/2023\/02\/Sin-t\u00edtulo-2-300x163.jpg 300w, https:\/\/blogsaverroes.juntadeandalucia.es\/centrosbilinguessevilla\/files\/2023\/02\/Sin-t\u00edtulo-2-768x417.jpg 768w\" sizes=\"(max-width: 780px) 100vw, 780px\" \/><\/a><\/p>\n","protected":false},"excerpt":{"rendered":"<p>El pasado viernes se public\u00f3 en el Portal de Pluriling\u00fcismo de la Consejer\u00eda la referencia a la apertura de la Campa\u00f1a LabelFranc\u00c9ducation 2023. Lanzado en 2012, se trata de un reconocimiento otorgado por las&#46;&#46;&#46;<\/p>\n","protected":false},"author":1252,"featured_media":0,"comment_status":"open","ping_status":"open","sticky":false,"template":"","format":"standard","meta":{"ngg_post_thumbnail":0,"footnotes":""},"categories":[946,5],"tags":[],"aioseo_notices":[],"_links":{"self":[{"href":"https:\/\/blogsaverroes.juntadeandalucia.es\/centrosbilinguessevilla\/wp-json\/wp\/v2\/posts\/1957"}],"collection":[{"href":"https:\/\/blogsaverroes.juntadeandalucia.es\/centrosbilinguessevilla\/wp-json\/wp\/v2\/posts"}],"about":[{"href":"https:\/\/blogsaverroes.juntadeandalucia.es\/centrosbilinguessevilla\/wp-json\/wp\/v2\/types\/post"}],"author":[{"embeddable":true,"href":"https:\/\/blogsaverroes.juntadeandalucia.es\/centrosbilinguessevilla\/wp-json\/wp\/v2\/users\/1252"}],"replies":[{"embeddable":true,"href":"https:\/\/blogsaverroes.juntadeandalucia.es\/centrosbilinguessevilla\/wp-json\/wp\/v2\/comments?post=1957"}],"version-history":[{"count":2,"href":"https:\/\/blogsaverroes.juntadeandalucia.es\/centrosbilinguessevilla\/wp-json\/wp\/v2\/posts\/1957\/revisions"}],"predecessor-version":[{"id":1960,"href":"https:\/\/blogsaverroes.juntadeandalucia.es\/centrosbilinguessevilla\/wp-json\/wp\/v2\/posts\/1957\/revisions\/1960"}],"wp:attachment":[{"href":"https:\/\/blogsaverroes.juntadeandalucia.es\/centrosbilinguessevilla\/wp-json\/wp\/v2\/media?parent=1957"}],"wp:term":[{"taxonomy":"category","embeddable":true,"href":"https:\/\/blogsaverroes.juntadeandalucia.es\/centrosbilinguessevilla\/wp-json\/wp\/v2\/categories?post=1957"},{"taxonomy":"post_tag","embeddable":true,"href":"https:\/\/blogsaverroes.juntadeandalucia.es\/centrosbilinguessevilla\/wp-json\/wp\/v2\/tags?post=1957"}],"curies":[{"name":"wp","href":"https:\/\/api.w.org\/{rel}","templated":true}]}}