{"id":1961,"date":"2023-02-12T18:26:07","date_gmt":"2023-02-12T16:26:07","guid":{"rendered":"https:\/\/blogsaverroes.juntadeandalucia.es\/centrosbilinguessevilla\/?p=1961"},"modified":"2023-02-13T12:33:39","modified_gmt":"2023-02-13T10:33:39","slug":"1961","status":"publish","type":"post","link":"https:\/\/blogsaverroes.juntadeandalucia.es\/centrosbilinguessevilla\/2023\/02\/12\/1961\/","title":{"rendered":"Webinaire Le fil plurilingue"},"content":{"rendered":"<p><span style=\"font-family: NewsGotT\">El Institut fran\u00e7ais d&#8217;Espagne organiza un webinar titulado \u00bfD\u00e9couvrir , explorer et exploiter les ressources offertes par Le fil plurilingue\u00bf, impartido por V\u00e9ronique Boisseaux, responsable del sitio web Le Fil plurilingue.<br \/>\nSe tratar\u00e1 de presentar los distintos recursos que ofrece el sitio web Le fil plurilingue a los centros biling\u00fces\/ pluriling\u00fces de franc\u00e9s.<br \/>\nEl webinar se realizar\u00e1 en franc\u00e9s&nbsp; el 16 de febrero a las 17.00h y tendr\u00e1 una duraci\u00f3n de una hora.<br \/>\nLas inscripciones se pueden realizar <strong><a href=\"https:\/\/us06web.zoom.us\/webinar\/register\/WN_7wrTr4bqTRuoGpakD7Y71g\">aqu<\/a><\/strong>\u00ed y desde la siguente imagen <strong>hasta el d\u00eda 14 de febrero<\/strong>.<\/span><\/p>\n<p>&nbsp;<\/p>\n<p><a href=\"https:\/\/us06web.zoom.us\/webinar\/register\/WN_7wrTr4bqTRuoGpakD7Y71g\"><img loading=\"lazy\" decoding=\"async\" class=\"aligncenter size-large wp-image-1962\" src=\"https:\/\/blogsaverroes.juntadeandalucia.es\/centrosbilinguessevilla\/files\/2023\/02\/Sin-t\u00edtulo-3-1024x577.jpg\" alt=\"\" width=\"1024\" height=\"577\" srcset=\"https:\/\/blogsaverroes.juntadeandalucia.es\/centrosbilinguessevilla\/files\/2023\/02\/Sin-t\u00edtulo-3-1024x577.jpg 1024w, https:\/\/blogsaverroes.juntadeandalucia.es\/centrosbilinguessevilla\/files\/2023\/02\/Sin-t\u00edtulo-3-300x169.jpg 300w, https:\/\/blogsaverroes.juntadeandalucia.es\/centrosbilinguessevilla\/files\/2023\/02\/Sin-t\u00edtulo-3-768x432.jpg 768w, https:\/\/blogsaverroes.juntadeandalucia.es\/centrosbilinguessevilla\/files\/2023\/02\/Sin-t\u00edtulo-3.jpg 1142w\" sizes=\"(max-width: 1024px) 100vw, 1024px\" \/><\/a><\/p>\n<p>&nbsp;<\/p>\n","protected":false},"excerpt":{"rendered":"<p>El Institut fran\u00e7ais d&#8217;Espagne organiza un webinar titulado \u00bfD\u00e9couvrir , explorer et exploiter les ressources offertes par Le fil plurilingue\u00bf, impartido por V\u00e9ronique Boisseaux, responsable del sitio web Le Fil plurilingue. Se tratar\u00e1 de&#46;&#46;&#46;<\/p>\n","protected":false},"author":1252,"featured_media":0,"comment_status":"open","ping_status":"open","sticky":false,"template":"","format":"standard","meta":{"ngg_post_thumbnail":0,"footnotes":""},"categories":[5,796348],"tags":[],"aioseo_notices":[],"_links":{"self":[{"href":"https:\/\/blogsaverroes.juntadeandalucia.es\/centrosbilinguessevilla\/wp-json\/wp\/v2\/posts\/1961"}],"collection":[{"href":"https:\/\/blogsaverroes.juntadeandalucia.es\/centrosbilinguessevilla\/wp-json\/wp\/v2\/posts"}],"about":[{"href":"https:\/\/blogsaverroes.juntadeandalucia.es\/centrosbilinguessevilla\/wp-json\/wp\/v2\/types\/post"}],"author":[{"embeddable":true,"href":"https:\/\/blogsaverroes.juntadeandalucia.es\/centrosbilinguessevilla\/wp-json\/wp\/v2\/users\/1252"}],"replies":[{"embeddable":true,"href":"https:\/\/blogsaverroes.juntadeandalucia.es\/centrosbilinguessevilla\/wp-json\/wp\/v2\/comments?post=1961"}],"version-history":[{"count":2,"href":"https:\/\/blogsaverroes.juntadeandalucia.es\/centrosbilinguessevilla\/wp-json\/wp\/v2\/posts\/1961\/revisions"}],"predecessor-version":[{"id":1964,"href":"https:\/\/blogsaverroes.juntadeandalucia.es\/centrosbilinguessevilla\/wp-json\/wp\/v2\/posts\/1961\/revisions\/1964"}],"wp:attachment":[{"href":"https:\/\/blogsaverroes.juntadeandalucia.es\/centrosbilinguessevilla\/wp-json\/wp\/v2\/media?parent=1961"}],"wp:term":[{"taxonomy":"category","embeddable":true,"href":"https:\/\/blogsaverroes.juntadeandalucia.es\/centrosbilinguessevilla\/wp-json\/wp\/v2\/categories?post=1961"},{"taxonomy":"post_tag","embeddable":true,"href":"https:\/\/blogsaverroes.juntadeandalucia.es\/centrosbilinguessevilla\/wp-json\/wp\/v2\/tags?post=1961"}],"curies":[{"name":"wp","href":"https:\/\/api.w.org\/{rel}","templated":true}]}}