{"id":1982,"date":"2023-03-08T19:16:26","date_gmt":"2023-03-08T17:16:26","guid":{"rendered":"https:\/\/blogsaverroes.juntadeandalucia.es\/centrosbilinguessevilla\/?p=1982"},"modified":"2023-03-08T23:43:52","modified_gmt":"2023-03-08T21:43:52","slug":"1982","status":"publish","type":"post","link":"https:\/\/blogsaverroes.juntadeandalucia.es\/centrosbilinguessevilla\/2023\/03\/08\/1982\/","title":{"rendered":"Fase provincial IV Torneo Educativo de Debate en Andaluc\u00eda 2022\/23"},"content":{"rendered":"<p>En la ma\u00f1ana de hoy, 8 de marzo, se ha iniciado, en las instalaciones del CEP de Sevilla, la Fase Provincial del <a title=\"Enlace permanente a IV Torneo de Debate Educativo de Andaluc\u00eda 2022-23\" href=\"https:\/\/blogsaverroes.juntadeandalucia.es\/centrosbilinguessevilla\/2022\/11\/02\/iv-torneo-de-debate-educativo-de-andalucia-2022-23\/\" rel=\"bookmark\">IV Torneo de Debate Educativo de Andaluc\u00eda 2022-23<\/a> con las rondas eliminatorias en la modalidad de ingl\u00e9s. El Torneo continuar\u00e1 ma\u00f1ana y concluir\u00e1 el viernes con las semifinales de espa\u00f1ol e ingl\u00e9s, y las finales de franc\u00e9s, ingl\u00e9s y espa\u00f1ol.<\/p>\n<p><img loading=\"lazy\" decoding=\"async\" class=\"wp-image-1983 size-medium alignleft\" src=\"https:\/\/blogsaverroes.juntadeandalucia.es\/centrosbilinguessevilla\/files\/2023\/03\/photo-300x300.jpg\" alt=\"\" width=\"300\" height=\"300\" srcset=\"https:\/\/blogsaverroes.juntadeandalucia.es\/centrosbilinguessevilla\/files\/2023\/03\/photo-300x300.jpg 300w, https:\/\/blogsaverroes.juntadeandalucia.es\/centrosbilinguessevilla\/files\/2023\/03\/photo-150x150.jpg 150w, https:\/\/blogsaverroes.juntadeandalucia.es\/centrosbilinguessevilla\/files\/2023\/03\/photo.jpg 640w\" sizes=\"(max-width: 300px) 100vw, 300px\" \/><\/p>\n<p>Es la primera edici\u00f3n en la que las lenguas extranjeras est\u00e1n presentes en la competici\u00f3n y ha sido una verdadera satisfacci\u00f3n o\u00edr a las\/los estudiantes debatir en ingl\u00e9s a partir de la siguiente pregunta:&nbsp;&nbsp;<\/p>\n<p><strong>Are recent actions against important works of art justified in order to demand a more socially fair world?<\/strong><\/p>\n<p>Intercambiar opiniones, en la lengua materna y en lenguas extranjeras, escuchar activa y respetuosamente puntos de vista diferentes y divergentes, sin tratar de imponer las ideas propias, son aprendizajes que forman parte necesariamente de la formaci\u00f3n de nuestro alumnado. La jornada, adem\u00e1s, ha sido un magn\u00edfico ejemplo de convivencia entre los 12 equipos participantes.&nbsp;<\/p>\n<p>Los cuatro clasificados para las semifinales han sido:<\/p>\n<ol>\n<li>IES Hermanos Machado ( Dos Hermanas)<\/li>\n<li>IES Heliche (Olivares)<\/li>\n<li>IES L\u00f3pez Arenas (Marchena)<\/li>\n<li>IES Severo Ochoa (San Juan de Aznalfarache)<\/li>\n<\/ol>\n<p style=\"text-align: center\"><span style=\"color: #800080\"><strong>\u00a1GRACIAS A LOS CENTROS PARTICIPANTES, AL ALUMNADO, AL PROFESORADO ACOMPA\u00d1ANTE, A LAS\/LOS JUEZAS\/JUECES, AL ALUMNADO STAFF Y AL CEP DE SEVILLA POR SU ACOGIDA!<\/strong><\/span><\/p>\n<p>&nbsp;<\/p>\n","protected":false},"excerpt":{"rendered":"<p>En la ma\u00f1ana de hoy, 8 de marzo, se ha iniciado, en las instalaciones del CEP de Sevilla, la Fase Provincial del IV Torneo de Debate Educativo de Andaluc\u00eda 2022-23 con las rondas eliminatorias&#46;&#46;&#46;<\/p>\n","protected":false},"author":1252,"featured_media":0,"comment_status":"open","ping_status":"open","sticky":false,"template":"","format":"standard","meta":{"ngg_post_thumbnail":0,"footnotes":""},"categories":[796350,5],"tags":[],"aioseo_notices":[],"_links":{"self":[{"href":"https:\/\/blogsaverroes.juntadeandalucia.es\/centrosbilinguessevilla\/wp-json\/wp\/v2\/posts\/1982"}],"collection":[{"href":"https:\/\/blogsaverroes.juntadeandalucia.es\/centrosbilinguessevilla\/wp-json\/wp\/v2\/posts"}],"about":[{"href":"https:\/\/blogsaverroes.juntadeandalucia.es\/centrosbilinguessevilla\/wp-json\/wp\/v2\/types\/post"}],"author":[{"embeddable":true,"href":"https:\/\/blogsaverroes.juntadeandalucia.es\/centrosbilinguessevilla\/wp-json\/wp\/v2\/users\/1252"}],"replies":[{"embeddable":true,"href":"https:\/\/blogsaverroes.juntadeandalucia.es\/centrosbilinguessevilla\/wp-json\/wp\/v2\/comments?post=1982"}],"version-history":[{"count":2,"href":"https:\/\/blogsaverroes.juntadeandalucia.es\/centrosbilinguessevilla\/wp-json\/wp\/v2\/posts\/1982\/revisions"}],"predecessor-version":[{"id":1985,"href":"https:\/\/blogsaverroes.juntadeandalucia.es\/centrosbilinguessevilla\/wp-json\/wp\/v2\/posts\/1982\/revisions\/1985"}],"wp:attachment":[{"href":"https:\/\/blogsaverroes.juntadeandalucia.es\/centrosbilinguessevilla\/wp-json\/wp\/v2\/media?parent=1982"}],"wp:term":[{"taxonomy":"category","embeddable":true,"href":"https:\/\/blogsaverroes.juntadeandalucia.es\/centrosbilinguessevilla\/wp-json\/wp\/v2\/categories?post=1982"},{"taxonomy":"post_tag","embeddable":true,"href":"https:\/\/blogsaverroes.juntadeandalucia.es\/centrosbilinguessevilla\/wp-json\/wp\/v2\/tags?post=1982"}],"curies":[{"name":"wp","href":"https:\/\/api.w.org\/{rel}","templated":true}]}}