{"id":2068,"date":"2023-04-25T12:07:10","date_gmt":"2023-04-25T10:07:10","guid":{"rendered":"https:\/\/blogsaverroes.juntadeandalucia.es\/centrosbilinguessevilla\/?p=2068"},"modified":"2026-04-16T11:31:44","modified_gmt":"2026-04-16T09:31:44","slug":"dia-de-europa-3","status":"publish","type":"post","link":"https:\/\/blogsaverroes.juntadeandalucia.es\/centrosbilinguessevilla\/2023\/04\/25\/dia-de-europa-3\/","title":{"rendered":"D\u00eda de Europa"},"content":{"rendered":"<p style=\"text-align: center\"><iframe loading=\"lazy\" src=\"https:\/\/www.youtube.com\/embed\/wx_P8_-9b8U\" width=\"560\" height=\"315\" frameborder=\"0\"><\/iframe><\/p>\n<p style=\"text-align: center\"><strong>El pr\u00f3ximo d\u00eda 9 de mayo celebraremos el D\u00eda de Europa.<\/strong><\/p>\n<p>La semana pasada la Consejer\u00eda public\u00f3 la <a title=\"Instrucci\u00f3n de 19 de abril de 2023, de la Viceconsejer\u00eda de Desarrollo Educativo y Formaci\u00f3n Profesional, para la celebraci\u00f3n del D\u00eda de Europa en los centros docentes de la Comunidad Aut\u00f3noma Andaluza.\" href=\"https:\/\/portals.ced.junta-andalucia.es\/educacion\/portals\/web\/ced\/novedades\/-\/contenidos\/detalle\/instruccion-de-19-de-abril-de-2023-de-la-viceconsejeria-de-desarrollo-educativo-y-formacion-profesional-para-la\" target=\"_self\" rel=\"noopener noreferrer\">Instrucci\u00f3n de 19 de abril de 2023, de la Viceconsejer\u00eda de Desarrollo Educativo y Formaci\u00f3n Profesional, para la celebraci\u00f3n del D\u00eda de Europa en los centros docentes de la Comunidad Aut\u00f3noma Andaluza<\/a>, disponiendo la programaci\u00f3n de actividades que propicien un acercamiento a Europa.<\/p>\n<p>Como figura en la <a href=\"https:\/\/european-union.europa.eu\/principles-countries-history\/symbols\/europe-day_es\"><strong>p\u00e1gina de la Uni\u00f3n Europea<\/strong><\/a>, <em>el D\u00eda de Europa, cada 9 de mayo, celebra la paz y la unidad en Europa. Esta fecha marca el aniversario de la hist\u00f3rica \u00ab<a href=\"https:\/\/european-union.europa.eu\/principles-countries-history\/history-eu\/1945-59\/schuman-declaration-may-1950_es\">Declaraci\u00f3n Schuman<\/a>\u00bb, en la que este expuso su idea de una nueva forma de cooperaci\u00f3n pol\u00edtica en Europa, que har\u00eda inconcebible la guerra entre naciones europeas. <\/em><\/p>\n<p><em>Resulta dif\u00edcil<\/em>, como escrib\u00ed el a\u00f1o pasado por estas fechas, <em>celebrar el D\u00eda de Europa cuando a 4000 kms sigue desarroll\u00e1ndose una guerra en suelo europeo. Resulta dif\u00edcil pero probablemente es m\u00e1s necesario a\u00fan recordar de qu\u00e9 hablamos cuando nos referimos a este D\u00eda e indagar sobre la <strong><a href=\"https:\/\/european-union.europa.eu\/principles-countries-history\/history-eu\/1945-59\/schuman-declaration-may-1950_es\">Declaraci\u00f3n de Robert Schuman<\/a><\/strong>, el contexto en que se produce, los logros de la Uni\u00f3n, su&nbsp;<a href=\"https:\/\/european-union.europa.eu\/principles-countries-history\/history-eu_es\"><strong>historia<\/strong><\/a>, sus&nbsp;<strong><a href=\"https:\/\/european-union.europa.eu\/principles-countries-history\/symbols_es\">s\u00edmbolos<\/a><\/strong>, sus&nbsp;<a href=\"https:\/\/european-union.europa.eu\/principles-countries-history\/languages_es\"><strong>lenguas<\/strong><\/a>, y los&nbsp;<a href=\"https:\/\/european-union.europa.eu\/principles-countries-history\/principles-and-values_es\"><strong>principios y valores<\/strong><\/a>&nbsp;que compartimos como ciudadanas\/os europeas\/os.<\/em><\/p>\n<p><a href=\"https:\/\/europeday.europa.eu\/index_es\"><img loading=\"lazy\" decoding=\"async\" class=\"aligncenter wp-image-2074\" src=\"https:\/\/blogsaverroes.juntadeandalucia.es\/centrosbilinguessevilla\/files\/2023\/04\/Sin-t\u00edtulo-6-1024x498.jpg\" alt=\"\" width=\"800\" height=\"389\" srcset=\"https:\/\/blogsaverroes.juntadeandalucia.es\/centrosbilinguessevilla\/files\/2023\/04\/Sin-t\u00edtulo-6-1024x498.jpg 1024w, https:\/\/blogsaverroes.juntadeandalucia.es\/centrosbilinguessevilla\/files\/2023\/04\/Sin-t\u00edtulo-6-300x146.jpg 300w, https:\/\/blogsaverroes.juntadeandalucia.es\/centrosbilinguessevilla\/files\/2023\/04\/Sin-t\u00edtulo-6-768x373.jpg 768w, https:\/\/blogsaverroes.juntadeandalucia.es\/centrosbilinguessevilla\/files\/2023\/04\/Sin-t\u00edtulo-6.jpg 1316w\" sizes=\"(max-width: 800px) 100vw, 800px\" \/><\/a><\/p>\n<p>Para organizar la propia celebraci\u00f3n en la<strong><a href=\"https:\/\/learning-corner.learning.europa.eu\/learning-corner_es\">&nbsp;Zona de aprendizaje<\/a><\/strong> de la p\u00e1gina de la Uni\u00f3n hay disponible <strong><a href=\"https:\/\/learning-corner.learning.europa.eu\/learning-corner\/learning-materials_es\">Material did\u00e1ctico<\/a>&nbsp;<\/strong>y<a href=\"https:\/\/learning-corner.learning.europa.eu\/learning-corner\/play-games_es\"><strong>&nbsp;Juegos<\/strong><\/a> que pueden ser muy \u00fatiles.<\/p>\n<p><iframe loading=\"lazy\" src=\"https:\/\/audiovisual.ec.europa.eu\/embed\/index.html?ref=I-164730&amp;lg=EN\" scrolling=\"no\" width=\"560\" height=\"315\" frameborder=\"0\"><\/iframe><\/p>\n<p style=\"text-align: center\"><span style=\"color: #993366\"><strong>\u00a1Ojal\u00e1 pueda escribir una entrada similar en 2024 sin tener que hacer ninguna referencia a ninguna guerra!<\/strong><\/span><\/p>\n","protected":false},"excerpt":{"rendered":"<p>El pr\u00f3ximo d\u00eda 9 de mayo celebraremos el D\u00eda de Europa. La semana pasada la Consejer\u00eda public\u00f3 la Instrucci\u00f3n de 19 de abril de 2023, de la Viceconsejer\u00eda de Desarrollo Educativo y Formaci\u00f3n Profesional,&#46;&#46;&#46;<\/p>\n","protected":false},"author":1252,"featured_media":0,"comment_status":"open","ping_status":"open","sticky":false,"template":"","format":"standard","meta":{"ngg_post_thumbnail":0,"footnotes":""},"categories":[485],"tags":[],"aioseo_notices":[],"_links":{"self":[{"href":"https:\/\/blogsaverroes.juntadeandalucia.es\/centrosbilinguessevilla\/wp-json\/wp\/v2\/posts\/2068"}],"collection":[{"href":"https:\/\/blogsaverroes.juntadeandalucia.es\/centrosbilinguessevilla\/wp-json\/wp\/v2\/posts"}],"about":[{"href":"https:\/\/blogsaverroes.juntadeandalucia.es\/centrosbilinguessevilla\/wp-json\/wp\/v2\/types\/post"}],"author":[{"embeddable":true,"href":"https:\/\/blogsaverroes.juntadeandalucia.es\/centrosbilinguessevilla\/wp-json\/wp\/v2\/users\/1252"}],"replies":[{"embeddable":true,"href":"https:\/\/blogsaverroes.juntadeandalucia.es\/centrosbilinguessevilla\/wp-json\/wp\/v2\/comments?post=2068"}],"version-history":[{"count":3,"href":"https:\/\/blogsaverroes.juntadeandalucia.es\/centrosbilinguessevilla\/wp-json\/wp\/v2\/posts\/2068\/revisions"}],"predecessor-version":[{"id":2076,"href":"https:\/\/blogsaverroes.juntadeandalucia.es\/centrosbilinguessevilla\/wp-json\/wp\/v2\/posts\/2068\/revisions\/2076"}],"wp:attachment":[{"href":"https:\/\/blogsaverroes.juntadeandalucia.es\/centrosbilinguessevilla\/wp-json\/wp\/v2\/media?parent=2068"}],"wp:term":[{"taxonomy":"category","embeddable":true,"href":"https:\/\/blogsaverroes.juntadeandalucia.es\/centrosbilinguessevilla\/wp-json\/wp\/v2\/categories?post=2068"},{"taxonomy":"post_tag","embeddable":true,"href":"https:\/\/blogsaverroes.juntadeandalucia.es\/centrosbilinguessevilla\/wp-json\/wp\/v2\/tags?post=2068"}],"curies":[{"name":"wp","href":"https:\/\/api.w.org\/{rel}","templated":true}]}}