{"id":2086,"date":"2023-05-11T14:10:26","date_gmt":"2023-05-11T12:10:26","guid":{"rendered":"https:\/\/blogsaverroes.juntadeandalucia.es\/centrosbilinguessevilla\/?p=2086"},"modified":"2023-05-11T18:14:16","modified_gmt":"2023-05-11T16:14:16","slug":"2086","status":"publish","type":"post","link":"https:\/\/blogsaverroes.juntadeandalucia.es\/centrosbilinguessevilla\/2023\/05\/11\/2086\/","title":{"rendered":"Convocatoria 2023-24 de Intercambios escolares"},"content":{"rendered":"<p>&nbsp;<\/p>\n<p><img loading=\"lazy\" decoding=\"async\" class=\"alignleft size-full wp-image-1692\" src=\"https:\/\/blogsaverroes.juntadeandalucia.es\/centrosbilinguessevilla\/files\/2022\/04\/intercambios_escolares.jpeg\" alt=\"\" width=\"223\" height=\"226\">En la secci\u00f3n de novedades de la p\u00e1gina de la Consejer\u00eda se ha publicado la <strong><a title=\"Convocatoria intercambios escolares de Institutos de Educaci\u00f3n Secundaria curso 2023-2024\" href=\"https:\/\/portals.ced.junta-andalucia.es\/educacion\/portals\/web\/ced\/novedades\/-\/contenidos\/detalle\/convocatoria-intercambios-escolares-de-institutos-de-educacion-secundaria-curso-2023\" target=\"_self\" rel=\"noopener noreferrer\">Convocatoria de intercambios escolares de Institutos de Educaci\u00f3n Secundaria curso 2023-2024<\/a><\/strong><\/p>\n<p><strong><span style=\"color: #ff0000\">El plazo para la presentaci\u00f3n de solicitudes es de 15 d\u00edas, desde el 12 de mayo al 1 de junio de 2023.<\/span><\/strong><\/p>\n","protected":false},"excerpt":{"rendered":"<p>&nbsp; En la secci\u00f3n de novedades de la p\u00e1gina de la Consejer\u00eda se ha publicado la Convocatoria de intercambios escolares de Institutos de Educaci\u00f3n Secundaria curso 2023-2024 El plazo para la presentaci\u00f3n de solicitudes&#46;&#46;&#46;<\/p>\n","protected":false},"author":1252,"featured_media":0,"comment_status":"open","ping_status":"open","sticky":false,"template":"","format":"standard","meta":{"ngg_post_thumbnail":0,"footnotes":""},"categories":[5],"tags":[],"aioseo_notices":[],"_links":{"self":[{"href":"https:\/\/blogsaverroes.juntadeandalucia.es\/centrosbilinguessevilla\/wp-json\/wp\/v2\/posts\/2086"}],"collection":[{"href":"https:\/\/blogsaverroes.juntadeandalucia.es\/centrosbilinguessevilla\/wp-json\/wp\/v2\/posts"}],"about":[{"href":"https:\/\/blogsaverroes.juntadeandalucia.es\/centrosbilinguessevilla\/wp-json\/wp\/v2\/types\/post"}],"author":[{"embeddable":true,"href":"https:\/\/blogsaverroes.juntadeandalucia.es\/centrosbilinguessevilla\/wp-json\/wp\/v2\/users\/1252"}],"replies":[{"embeddable":true,"href":"https:\/\/blogsaverroes.juntadeandalucia.es\/centrosbilinguessevilla\/wp-json\/wp\/v2\/comments?post=2086"}],"version-history":[{"count":2,"href":"https:\/\/blogsaverroes.juntadeandalucia.es\/centrosbilinguessevilla\/wp-json\/wp\/v2\/posts\/2086\/revisions"}],"predecessor-version":[{"id":2088,"href":"https:\/\/blogsaverroes.juntadeandalucia.es\/centrosbilinguessevilla\/wp-json\/wp\/v2\/posts\/2086\/revisions\/2088"}],"wp:attachment":[{"href":"https:\/\/blogsaverroes.juntadeandalucia.es\/centrosbilinguessevilla\/wp-json\/wp\/v2\/media?parent=2086"}],"wp:term":[{"taxonomy":"category","embeddable":true,"href":"https:\/\/blogsaverroes.juntadeandalucia.es\/centrosbilinguessevilla\/wp-json\/wp\/v2\/categories?post=2086"},{"taxonomy":"post_tag","embeddable":true,"href":"https:\/\/blogsaverroes.juntadeandalucia.es\/centrosbilinguessevilla\/wp-json\/wp\/v2\/tags?post=2086"}],"curies":[{"name":"wp","href":"https:\/\/api.w.org\/{rel}","templated":true}]}}