{"id":2101,"date":"2023-06-05T14:07:30","date_gmt":"2023-06-05T12:07:30","guid":{"rendered":"https:\/\/blogsaverroes.juntadeandalucia.es\/centrosbilinguessevilla\/?p=2101"},"modified":"2023-06-07T14:23:07","modified_gmt":"2023-06-07T12:23:07","slug":"convocatoria-centros-que-deseen-acoger-un-a-docente-extranjero-a","status":"publish","type":"post","link":"https:\/\/blogsaverroes.juntadeandalucia.es\/centrosbilinguessevilla\/2023\/06\/05\/convocatoria-centros-que-deseen-acoger-un-a-docente-extranjero-a\/","title":{"rendered":"Convocatoria centros que deseen acoger un\/a docente extranjero\/a"},"content":{"rendered":"<p>Desde el pasado 30 de mayo est\u00e1 abierta la convocatoria para centros educativos de Educaci\u00f3n Infantil y Primaria, Ense\u00f1anza Secundaria, Formaci\u00f3n Profesional o de Ense\u00f1anzas de R\u00e9gimen Especial que deseen acoger a un\/a docente extranjero\/a para el curso 2023\/2024.<\/p>\n<p>El objetivo de estas estancias de profesorado extranjero en nuestros centros es favorecer los intercambios culturales, conocer otras metodolog\u00edas, as\u00ed como fomentar el aprendizaje de lenguas extranjeras y la participaci\u00f3n en programas educativos europeos.&nbsp;<strong>Los centros interesados presentar\u00e1n su solicitud a trav\u00e9s de la sede electr\u00f3nica del MEFP, desde el 30 de mayo al 28 de junio de 2023.<br \/>\n<\/strong><\/p>\n<p style=\"text-align: center\"><strong>Toda la informaci\u00f3n sobre la convocatoria as\u00ed como informaci\u00f3n pr\u00e1ctica y ejemplos de otras experiencias en el blog de Estancias Profesionales y Preguntas frecuentes est\u00e1n disponibles desde la siguiente imagen.<\/strong><\/p>\n<p>&nbsp;<\/p>\n<p><a href=\"https:\/\/www.educacionyfp.gob.es\/servicios-al-ciudadano\/catalogo\/general\/20\/201453\/ficha\/201453-2023-2024.html\"><img loading=\"lazy\" decoding=\"async\" class=\"aligncenter size-large wp-image-2102\" src=\"https:\/\/blogsaverroes.juntadeandalucia.es\/centrosbilinguessevilla\/files\/2023\/06\/Sin-t\u00edtulo-1-1024x533.jpg\" alt=\"\" width=\"1024\" height=\"533\" srcset=\"https:\/\/blogsaverroes.juntadeandalucia.es\/centrosbilinguessevilla\/files\/2023\/06\/Sin-t\u00edtulo-1-1024x533.jpg 1024w, https:\/\/blogsaverroes.juntadeandalucia.es\/centrosbilinguessevilla\/files\/2023\/06\/Sin-t\u00edtulo-1-300x156.jpg 300w, https:\/\/blogsaverroes.juntadeandalucia.es\/centrosbilinguessevilla\/files\/2023\/06\/Sin-t\u00edtulo-1-768x400.jpg 768w, https:\/\/blogsaverroes.juntadeandalucia.es\/centrosbilinguessevilla\/files\/2023\/06\/Sin-t\u00edtulo-1.jpg 1511w\" sizes=\"(max-width: 1024px) 100vw, 1024px\" \/><\/a><\/p>\n","protected":false},"excerpt":{"rendered":"<p>Desde el pasado 30 de mayo est\u00e1 abierta la convocatoria para centros educativos de Educaci\u00f3n Infantil y Primaria, Ense\u00f1anza Secundaria, Formaci\u00f3n Profesional o de Ense\u00f1anzas de R\u00e9gimen Especial que deseen acoger a un\/a docente&#46;&#46;&#46;<\/p>\n","protected":false},"author":1252,"featured_media":0,"comment_status":"open","ping_status":"open","sticky":false,"template":"","format":"standard","meta":{"ngg_post_thumbnail":0,"footnotes":""},"categories":[5],"tags":[],"aioseo_notices":[],"_links":{"self":[{"href":"https:\/\/blogsaverroes.juntadeandalucia.es\/centrosbilinguessevilla\/wp-json\/wp\/v2\/posts\/2101"}],"collection":[{"href":"https:\/\/blogsaverroes.juntadeandalucia.es\/centrosbilinguessevilla\/wp-json\/wp\/v2\/posts"}],"about":[{"href":"https:\/\/blogsaverroes.juntadeandalucia.es\/centrosbilinguessevilla\/wp-json\/wp\/v2\/types\/post"}],"author":[{"embeddable":true,"href":"https:\/\/blogsaverroes.juntadeandalucia.es\/centrosbilinguessevilla\/wp-json\/wp\/v2\/users\/1252"}],"replies":[{"embeddable":true,"href":"https:\/\/blogsaverroes.juntadeandalucia.es\/centrosbilinguessevilla\/wp-json\/wp\/v2\/comments?post=2101"}],"version-history":[{"count":1,"href":"https:\/\/blogsaverroes.juntadeandalucia.es\/centrosbilinguessevilla\/wp-json\/wp\/v2\/posts\/2101\/revisions"}],"predecessor-version":[{"id":2103,"href":"https:\/\/blogsaverroes.juntadeandalucia.es\/centrosbilinguessevilla\/wp-json\/wp\/v2\/posts\/2101\/revisions\/2103"}],"wp:attachment":[{"href":"https:\/\/blogsaverroes.juntadeandalucia.es\/centrosbilinguessevilla\/wp-json\/wp\/v2\/media?parent=2101"}],"wp:term":[{"taxonomy":"category","embeddable":true,"href":"https:\/\/blogsaverroes.juntadeandalucia.es\/centrosbilinguessevilla\/wp-json\/wp\/v2\/categories?post=2101"},{"taxonomy":"post_tag","embeddable":true,"href":"https:\/\/blogsaverroes.juntadeandalucia.es\/centrosbilinguessevilla\/wp-json\/wp\/v2\/tags?post=2101"}],"curies":[{"name":"wp","href":"https:\/\/api.w.org\/{rel}","templated":true}]}}