{"id":2150,"date":"2023-09-11T12:43:44","date_gmt":"2023-09-11T10:43:44","guid":{"rendered":"https:\/\/blogsaverroes.juntadeandalucia.es\/centrosbilinguessevilla\/?p=2150"},"modified":"2023-09-12T14:02:56","modified_gmt":"2023-09-12T12:02:56","slug":"2150","status":"publish","type":"post","link":"https:\/\/blogsaverroes.juntadeandalucia.es\/centrosbilinguessevilla\/2023\/09\/11\/2150\/","title":{"rendered":"D\u00eda Europeo de las Lenguas"},"content":{"rendered":"<p><a href=\"https:\/\/edl.ecml.at\/Home\/tabid\/1455\/language\/es-ES\/Default.aspx\"><img loading=\"lazy\" decoding=\"async\" class=\"aligncenter size-large wp-image-2151\" src=\"https:\/\/blogsaverroes.juntadeandalucia.es\/centrosbilinguessevilla\/files\/2023\/09\/Sin-t\u00edtulo-1-1024x572.jpg\" alt=\"\" width=\"1024\" height=\"572\" srcset=\"https:\/\/blogsaverroes.juntadeandalucia.es\/centrosbilinguessevilla\/files\/2023\/09\/Sin-t\u00edtulo-1-1024x572.jpg 1024w, https:\/\/blogsaverroes.juntadeandalucia.es\/centrosbilinguessevilla\/files\/2023\/09\/Sin-t\u00edtulo-1-300x168.jpg 300w, https:\/\/blogsaverroes.juntadeandalucia.es\/centrosbilinguessevilla\/files\/2023\/09\/Sin-t\u00edtulo-1-768x429.jpg 768w, https:\/\/blogsaverroes.juntadeandalucia.es\/centrosbilinguessevilla\/files\/2023\/09\/Sin-t\u00edtulo-1.jpg 1186w\" sizes=\"(max-width: 1024px) 100vw, 1024px\" \/><\/a><\/p>\n<p>Como cada 26 de septiembre, desde 2001, dentro de unos d\u00edas celebraremos el <a href=\"https:\/\/commission.europa.eu\/european-day-languages-events-2023\/european-day-languages-month-celebrations-throughout-europe-2023-09-01_en\"><strong>D\u00eda Europeo de las Lenguas<\/strong><\/a>. Para los que somos entusiastas de las lenguas es una suerte contar con este <strong>D\u00eda<\/strong> cada comienzo de curso y celebrar la <strong>diversidad<\/strong> <strong>ling\u00fc\u00edstica <\/strong>de nuestro entorno, la <strong>importancia y <\/strong>los <strong>beneficios<\/strong>, incluso para la salud, <strong>de aprender lenguas a cualquier edad, dentro y fuera de la escuela<\/strong>, y la <strong>fortuna de poder entendernos<\/strong> en otras lenguas, las nuestras y las de las personas que nos rodean.<\/p>\n<p><strong>La <a href=\"https:\/\/edl.ecml.at\/Home\/tabid\/1455\/language\/es-ES\/Default.aspx\">p\u00e1gina del DEL<\/a> &#8211;&nbsp; s\u00f3lo visitar la p\u00e1gina es ya una celebraci\u00f3n &#8211; ofrece innumerables iniciativas, materiales y recursos de todo tipo y para todos los p\u00fablicos, eventos, contactos e ideas y sugerencias que nos pueden inspirar para organizar y compartir nuestra propia celebraci\u00f3n.&nbsp;<\/strong><\/p>\n<p><a href=\"https:\/\/edl.ecml.at\/Home\/tabid\/1455\/language\/es-ES\/Default.aspx\"><img loading=\"lazy\" decoding=\"async\" class=\"aligncenter size-full wp-image-2153\" src=\"https:\/\/blogsaverroes.juntadeandalucia.es\/centrosbilinguessevilla\/files\/2023\/09\/Sin-t\u00edtulo-3.jpg\" alt=\"\" width=\"888\" height=\"729\" srcset=\"https:\/\/blogsaverroes.juntadeandalucia.es\/centrosbilinguessevilla\/files\/2023\/09\/Sin-t\u00edtulo-3.jpg 888w, https:\/\/blogsaverroes.juntadeandalucia.es\/centrosbilinguessevilla\/files\/2023\/09\/Sin-t\u00edtulo-3-300x246.jpg 300w, https:\/\/blogsaverroes.juntadeandalucia.es\/centrosbilinguessevilla\/files\/2023\/09\/Sin-t\u00edtulo-3-768x630.jpg 768w\" sizes=\"(max-width: 888px) 100vw, 888px\" \/><\/a><\/p>\n<p>&nbsp;<\/p>\n<p style=\"text-align: right\"><span style=\"color: #800080\"><strong>&nbsp;<em>We love languages and nous f\u00eatons ensemble toutes les langues!<br \/>\n<\/em><\/strong><\/span><\/p>\n","protected":false},"excerpt":{"rendered":"<p>Como cada 26 de septiembre, desde 2001, dentro de unos d\u00edas celebraremos el D\u00eda Europeo de las Lenguas. Para los que somos entusiastas de las lenguas es una suerte contar con este D\u00eda cada&#46;&#46;&#46;<\/p>\n","protected":false},"author":1252,"featured_media":0,"comment_status":"open","ping_status":"open","sticky":false,"template":"","format":"standard","meta":{"ngg_post_thumbnail":0,"footnotes":""},"categories":[854],"tags":[],"aioseo_notices":[],"_links":{"self":[{"href":"https:\/\/blogsaverroes.juntadeandalucia.es\/centrosbilinguessevilla\/wp-json\/wp\/v2\/posts\/2150"}],"collection":[{"href":"https:\/\/blogsaverroes.juntadeandalucia.es\/centrosbilinguessevilla\/wp-json\/wp\/v2\/posts"}],"about":[{"href":"https:\/\/blogsaverroes.juntadeandalucia.es\/centrosbilinguessevilla\/wp-json\/wp\/v2\/types\/post"}],"author":[{"embeddable":true,"href":"https:\/\/blogsaverroes.juntadeandalucia.es\/centrosbilinguessevilla\/wp-json\/wp\/v2\/users\/1252"}],"replies":[{"embeddable":true,"href":"https:\/\/blogsaverroes.juntadeandalucia.es\/centrosbilinguessevilla\/wp-json\/wp\/v2\/comments?post=2150"}],"version-history":[{"count":2,"href":"https:\/\/blogsaverroes.juntadeandalucia.es\/centrosbilinguessevilla\/wp-json\/wp\/v2\/posts\/2150\/revisions"}],"predecessor-version":[{"id":2157,"href":"https:\/\/blogsaverroes.juntadeandalucia.es\/centrosbilinguessevilla\/wp-json\/wp\/v2\/posts\/2150\/revisions\/2157"}],"wp:attachment":[{"href":"https:\/\/blogsaverroes.juntadeandalucia.es\/centrosbilinguessevilla\/wp-json\/wp\/v2\/media?parent=2150"}],"wp:term":[{"taxonomy":"category","embeddable":true,"href":"https:\/\/blogsaverroes.juntadeandalucia.es\/centrosbilinguessevilla\/wp-json\/wp\/v2\/categories?post=2150"},{"taxonomy":"post_tag","embeddable":true,"href":"https:\/\/blogsaverroes.juntadeandalucia.es\/centrosbilinguessevilla\/wp-json\/wp\/v2\/tags?post=2150"}],"curies":[{"name":"wp","href":"https:\/\/api.w.org\/{rel}","templated":true}]}}