{"id":2165,"date":"2023-09-13T15:38:54","date_gmt":"2023-09-13T13:38:54","guid":{"rendered":"https:\/\/blogsaverroes.juntadeandalucia.es\/centrosbilinguessevilla\/?p=2165"},"modified":"2023-09-13T15:38:54","modified_gmt":"2023-09-13T13:38:54","slug":"formacion-en-centro-y-grupos-de-trabajo","status":"publish","type":"post","link":"https:\/\/blogsaverroes.juntadeandalucia.es\/centrosbilinguessevilla\/2023\/09\/13\/formacion-en-centro-y-grupos-de-trabajo\/","title":{"rendered":"Formaci\u00f3n en centro y grupos de trabajo"},"content":{"rendered":"<p><span style=\"font-family: georgia, palatino, serif\">En la secci\u00f3n de novedades de la p\u00e1gina de la Consejer\u00eda se publican en el d\u00eda de hoy las&nbsp;<strong><a title=\"Instrucciones de la Direcci\u00f3n General de Tecnolog\u00edas Avanzadas y Transformaci\u00f3n Educativa para el desarrollo de las actividades de Formaci\u00f3n en Centro\" href=\"https:\/\/www.juntadeandalucia.es\/educacion\/portals\/web\/inspeccion-educativa\/normativa\/-\/normativas\/detalle\/instrucciones-de-11-de-septiembre-de-2023-de-la-direccion-general-de-tecnologias-avanzadas-y-transformacion-educativa\" target=\"_blank\" rel=\"noopener noreferrer\">Instrucciones de la Direcci\u00f3n General de Tecnolog\u00edas Avanzadas y Transformaci\u00f3n Educativa para el desarrollo de las actividades de Formaci\u00f3n en Centro<\/a><\/strong> y las <strong><a title=\"Instrucciones de la Direcci\u00f3n General de Tecnolog\u00edas Avanzadas y Transformaci\u00f3n Educativa para el desarrollo de Grupos de Trabajo\" href=\"https:\/\/www.juntadeandalucia.es\/educacion\/portals\/web\/inspeccion-educativa\/normativa\/-\/normativas\/detalle\/instrucciones-de-11-de-septiembre-de-2023-de-la-direccion-general-de-tecnologias-avanzadas-y-transformacion-educativa-12t00x61yh58q\" target=\"_blank\" rel=\"noopener noreferrer\">Instrucciones de la Direcci\u00f3n General de Tecnolog\u00edas Avanzadas y Transformaci\u00f3n Educativa para el desarrollo de Grupos de Trabajo<\/a>.&nbsp;<\/strong><\/span><\/p>\n<p><img loading=\"lazy\" decoding=\"async\" class=\"aligncenter size-full wp-image-2168\" src=\"https:\/\/blogsaverroes.juntadeandalucia.es\/centrosbilinguessevilla\/files\/2023\/09\/descarga-1.jpg\" alt=\"\" width=\"225\" height=\"225\" srcset=\"https:\/\/blogsaverroes.juntadeandalucia.es\/centrosbilinguessevilla\/files\/2023\/09\/descarga-1.jpg 225w, https:\/\/blogsaverroes.juntadeandalucia.es\/centrosbilinguessevilla\/files\/2023\/09\/descarga-1-150x150.jpg 150w\" sizes=\"(max-width: 225px) 100vw, 225px\" \/><\/p>\n<p><span style=\"font-family: georgia, palatino, serif\">La formaci\u00f3n del profesorado es uno de los pilares de nuestro sistema educativo. Ciertamente, la acreditaci\u00f3n de un determinado nivel de competencia en una lengua extranjera es un requisito de acceso a la ense\u00f1anza biling\u00fce pero <span style=\"color: #ff0000\"><strong>la formaci\u00f3n metodol\u00f3gica en el enfoque AICLE es, sin duda alguna, un elemento clave, tal vez el elemento m\u00e1s sensible, en el desarrollo de la ense\u00f1anza biling\u00fce.<\/strong><\/span>&nbsp;<\/span><\/p>\n<p><span style=\"color: #008000\"><strong>En este sentido, la formaci\u00f3n en centro y\/o la constituci\u00f3n de grupos de trabajo en los centros biling\u00fces son las mejores modalidades para abordar esta necesidad formativa en metodolog\u00eda por cuanto permiten contextualizar la formaci\u00f3n, adecuarla a las prioridades y al desarrollo profesional del profesorado participante y construir una cultura compartida que conforme las se\u00f1as de identidad de los centros biling\u00fces.&nbsp;<\/strong><\/span><\/p>\n<p>&nbsp;<\/p>\n","protected":false},"excerpt":{"rendered":"<p>En la secci\u00f3n de novedades de la p\u00e1gina de la Consejer\u00eda se publican en el d\u00eda de hoy las&nbsp;Instrucciones de la Direcci\u00f3n General de Tecnolog\u00edas Avanzadas y Transformaci\u00f3n Educativa para el desarrollo de las&#46;&#46;&#46;<\/p>\n","protected":false},"author":1252,"featured_media":0,"comment_status":"open","ping_status":"open","sticky":false,"template":"","format":"standard","meta":{"ngg_post_thumbnail":0,"footnotes":""},"categories":[796358],"tags":[],"aioseo_notices":[],"_links":{"self":[{"href":"https:\/\/blogsaverroes.juntadeandalucia.es\/centrosbilinguessevilla\/wp-json\/wp\/v2\/posts\/2165"}],"collection":[{"href":"https:\/\/blogsaverroes.juntadeandalucia.es\/centrosbilinguessevilla\/wp-json\/wp\/v2\/posts"}],"about":[{"href":"https:\/\/blogsaverroes.juntadeandalucia.es\/centrosbilinguessevilla\/wp-json\/wp\/v2\/types\/post"}],"author":[{"embeddable":true,"href":"https:\/\/blogsaverroes.juntadeandalucia.es\/centrosbilinguessevilla\/wp-json\/wp\/v2\/users\/1252"}],"replies":[{"embeddable":true,"href":"https:\/\/blogsaverroes.juntadeandalucia.es\/centrosbilinguessevilla\/wp-json\/wp\/v2\/comments?post=2165"}],"version-history":[{"count":1,"href":"https:\/\/blogsaverroes.juntadeandalucia.es\/centrosbilinguessevilla\/wp-json\/wp\/v2\/posts\/2165\/revisions"}],"predecessor-version":[{"id":2169,"href":"https:\/\/blogsaverroes.juntadeandalucia.es\/centrosbilinguessevilla\/wp-json\/wp\/v2\/posts\/2165\/revisions\/2169"}],"wp:attachment":[{"href":"https:\/\/blogsaverroes.juntadeandalucia.es\/centrosbilinguessevilla\/wp-json\/wp\/v2\/media?parent=2165"}],"wp:term":[{"taxonomy":"category","embeddable":true,"href":"https:\/\/blogsaverroes.juntadeandalucia.es\/centrosbilinguessevilla\/wp-json\/wp\/v2\/categories?post=2165"},{"taxonomy":"post_tag","embeddable":true,"href":"https:\/\/blogsaverroes.juntadeandalucia.es\/centrosbilinguessevilla\/wp-json\/wp\/v2\/tags?post=2165"}],"curies":[{"name":"wp","href":"https:\/\/api.w.org\/{rel}","templated":true}]}}