{"id":2171,"date":"2023-09-15T13:45:12","date_gmt":"2023-09-15T11:45:12","guid":{"rendered":"https:\/\/blogsaverroes.juntadeandalucia.es\/centrosbilinguessevilla\/?p=2171"},"modified":"2023-09-15T13:46:57","modified_gmt":"2023-09-15T11:46:57","slug":"seminario-dia-europeo-de-las-lenguas","status":"publish","type":"post","link":"https:\/\/blogsaverroes.juntadeandalucia.es\/centrosbilinguessevilla\/2023\/09\/15\/seminario-dia-europeo-de-las-lenguas\/","title":{"rendered":"Seminario D\u00eda Europeo de las Lenguas"},"content":{"rendered":"<p>Con motivo del <strong><a title=\"Enlace permanente a D\u00eda Europeo de las Lenguas\" href=\"https:\/\/blogsaverroes.juntadeandalucia.es\/centrosbilinguessevilla\/2023\/09\/11\/2150\/\" rel=\"bookmark\">D\u00eda Europeo de las Lenguas<\/a><\/strong>, desde el <a href=\"https:\/\/cde.us.es\/\">Centro de Documentaci\u00f3n Europea de la Universidad de Sevilla<\/a> organizan un seminario en el que se abordar\u00e1n las claves para llegar a ser traductor\/a e int\u00e9rprete en las instituciones europeas.<\/p>\n<p style=\"text-align: center\"><strong>El formulario de inscripci\u00f3n est\u00e1 disponible desde la siguiente imagen.<\/strong><\/p>\n<p><a href=\"https:\/\/cde.us.es\/2023\/09\/14\/seminario-dia-europeo-de-las-lenguas\/\"><img loading=\"lazy\" decoding=\"async\" class=\"aligncenter size-full wp-image-2172\" src=\"https:\/\/blogsaverroes.juntadeandalucia.es\/centrosbilinguessevilla\/files\/2023\/09\/Sin-t\u00edtulo-5.jpg\" alt=\"\" width=\"1023\" height=\"730\" srcset=\"https:\/\/blogsaverroes.juntadeandalucia.es\/centrosbilinguessevilla\/files\/2023\/09\/Sin-t\u00edtulo-5.jpg 1023w, https:\/\/blogsaverroes.juntadeandalucia.es\/centrosbilinguessevilla\/files\/2023\/09\/Sin-t\u00edtulo-5-300x214.jpg 300w, https:\/\/blogsaverroes.juntadeandalucia.es\/centrosbilinguessevilla\/files\/2023\/09\/Sin-t\u00edtulo-5-768x548.jpg 768w\" sizes=\"(max-width: 1023px) 100vw, 1023px\" \/><\/a><\/p>\n","protected":false},"excerpt":{"rendered":"<p>Con motivo del D\u00eda Europeo de las Lenguas, desde el Centro de Documentaci\u00f3n Europea de la Universidad de Sevilla organizan un seminario en el que se abordar\u00e1n las claves para llegar a ser traductor\/a&#46;&#46;&#46;<\/p>\n","protected":false},"author":1252,"featured_media":0,"comment_status":"open","ping_status":"open","sticky":false,"template":"","format":"standard","meta":{"ngg_post_thumbnail":0,"footnotes":""},"categories":[854],"tags":[],"aioseo_notices":[],"_links":{"self":[{"href":"https:\/\/blogsaverroes.juntadeandalucia.es\/centrosbilinguessevilla\/wp-json\/wp\/v2\/posts\/2171"}],"collection":[{"href":"https:\/\/blogsaverroes.juntadeandalucia.es\/centrosbilinguessevilla\/wp-json\/wp\/v2\/posts"}],"about":[{"href":"https:\/\/blogsaverroes.juntadeandalucia.es\/centrosbilinguessevilla\/wp-json\/wp\/v2\/types\/post"}],"author":[{"embeddable":true,"href":"https:\/\/blogsaverroes.juntadeandalucia.es\/centrosbilinguessevilla\/wp-json\/wp\/v2\/users\/1252"}],"replies":[{"embeddable":true,"href":"https:\/\/blogsaverroes.juntadeandalucia.es\/centrosbilinguessevilla\/wp-json\/wp\/v2\/comments?post=2171"}],"version-history":[{"count":3,"href":"https:\/\/blogsaverroes.juntadeandalucia.es\/centrosbilinguessevilla\/wp-json\/wp\/v2\/posts\/2171\/revisions"}],"predecessor-version":[{"id":2175,"href":"https:\/\/blogsaverroes.juntadeandalucia.es\/centrosbilinguessevilla\/wp-json\/wp\/v2\/posts\/2171\/revisions\/2175"}],"wp:attachment":[{"href":"https:\/\/blogsaverroes.juntadeandalucia.es\/centrosbilinguessevilla\/wp-json\/wp\/v2\/media?parent=2171"}],"wp:term":[{"taxonomy":"category","embeddable":true,"href":"https:\/\/blogsaverroes.juntadeandalucia.es\/centrosbilinguessevilla\/wp-json\/wp\/v2\/categories?post=2171"},{"taxonomy":"post_tag","embeddable":true,"href":"https:\/\/blogsaverroes.juntadeandalucia.es\/centrosbilinguessevilla\/wp-json\/wp\/v2\/tags?post=2171"}],"curies":[{"name":"wp","href":"https:\/\/api.w.org\/{rel}","templated":true}]}}